{"id":1078,"date":"2017-03-19T20:26:58","date_gmt":"2017-03-19T19:26:58","guid":{"rendered":"https:\/\/www.epischel.de\/wordpress\/?p=1078"},"modified":"2017-03-19T20:26:58","modified_gmt":"2017-03-19T19:26:58","slug":"ber-fluglotsen-eroeffnung-verzoegern","status":"publish","type":"post","link":"https:\/\/www.epischel.de\/wordpress\/2017\/03\/ber-fluglotsen-eroeffnung-verzoegern\/","title":{"rendered":"BER: Personalmangel bei Flugsicherung k\u00f6nnte Er\u00f6ffnung bis 2020 verz\u00f6gern"},"content":{"rendered":"<section class=\"response u-bookmark-of h-cite\">\n<header>\n<span class=\"svg-icon svg-bookmark\" aria-label=\"Bookmark\" title=\"Bookmark\" style=\"display: inline-block; max-height: 1rem; margin-right: 0.5rem\"><span aria-hidden=\"true\"><svg xmlns=\"http:\/\/www.w3.org\/2000\/svg\" viewBox=\"0 0 384 512\"><path d=\"M0 512V48C0 21.49 21.49 0 48 0h288c26.51 0 48 21.49 48 48v464L192 400 0 512z\"\/><\/svg><\/span><\/span><a href=\"http:\/\/www.tagesspiegel.de\/berlin\/berliner-flughafen-flugsicherung-koennte-ber-eroeffnung-bis-2020-verzoegern\/19486390.html\" class=\"p-name u-url\">Berliner Flughafen: Flugsicherung k\u00f6nnte BER-Er\u00f6ffnung bis 2020 verz\u00f6gern<\/a> <em>(<span class=\"p-publication\">tagesspiegel.de<\/span>)<\/em><\/header>\n<blockquote class=\"e-summary\"><p>Einem Medienbericht zufolge br\u00e4uchten die Luftsicherheitsexperten weit mehr als die bisher veranschlagten 13 Monate, um den neuen Hauptstadtflughafen freizugeben. <\/p><\/blockquote>\n<\/section>\n<p>Es ist ein Trauerspiel! Jetzt hisst die Deutsche Flugsicherung die wei\u00dfe Flagge, wenn der BER nicht bis 2018 er\u00f6ffnet wird. Die sind lt. ihrem Chef seit 2012 in den Startl\u00f6chern, alles festzulegen und zu erproben, aber Ende 2018 gehen die entsprechenden Leute in Rente und neue Leute m\u00fcssen erst ausgebildet werden.<\/p>\n<p>Kann man sich echt nicht mehr ausdenken! Wegen mir m\u00fcssen sie den BER nicht aufmachen, aber es ist echt schade ums Geld.<\/p>\n<div class=\"syndication-links\"><\/div>","protected":false},"excerpt":{"rendered":"<section class=\"response u-bookmark-of h-cite\">\n<header>\n<span class=\"svg-icon svg-bookmark\" aria-label=\"Bookmark\" title=\"Bookmark\" style=\"display: inline-block; max-height: 1rem; margin-right: 0.5rem\"><span aria-hidden=\"true\"><svg xmlns=\"http:\/\/www.w3.org\/2000\/svg\" viewBox=\"0 0 384 512\"><path d=\"M0 512V48C0 21.49 21.49 0 48 0h288c26.51 0 48 21.49 48 48v464L192 400 0 512z\"\/><\/svg><\/span><\/span><a href=\"http:\/\/www.tagesspiegel.de\/berlin\/berliner-flughafen-flugsicherung-koennte-ber-eroeffnung-bis-2020-verzoegern\/19486390.html\" class=\"p-name u-url\">Berliner Flughafen: Flugsicherung k\u00f6nnte BER-Er\u00f6ffnung bis 2020 verz\u00f6gern<\/a> <em>(<span class=\"p-publication\">tagesspiegel.de<\/span>)<\/em><\/header>\n<blockquote class=\"e-summary\"><p>Einem Medienbericht zufolge br\u00e4uchten die Luftsicherheitsexperten weit mehr als die bisher veranschlagten 13 Monate, um den neuen Hauptstadtflughafen freizugeben. <\/p><\/blockquote>\n<\/section>\n<p>Es ist ein Trauerspiel! Jetzt hisst die Deutsche Flugsicherung die wei\u00dfe Flagge, wenn der BER nicht bis 2018 er\u00f6ffnet wird. Die sind lt. ihrem Chef seit 2012 in den Startl\u00f6chern, alles festzulegen und zu erproben, aber Ende 2018 gehen die entsprechenden Leute in Rente und neue Leute m\u00fcssen erst ausgebildet werden. Kann man sich echt&hellip;<\/p>\n","protected":false},"author":2,"featured_media":0,"comment_status":"open","ping_status":"open","sticky":false,"template":"","format":"link","meta":{"mf2_syndication":[],"webmentions_disabled_pings":false,"webmentions_disabled":false,"footnotes":""},"categories":[6],"tags":[55,17],"series":[],"class_list":["post-1078","post","type-post","status-publish","format-link","hentry","category-familie","tag-ber","tag-berlin","post_format-post-format-link","kind-bookmark"],"kind":false,"_links":{"self":[{"href":"https:\/\/www.epischel.de\/wordpress\/wp-json\/wp\/v2\/posts\/1078","targetHints":{"allow":["GET"]}}],"collection":[{"href":"https:\/\/www.epischel.de\/wordpress\/wp-json\/wp\/v2\/posts"}],"about":[{"href":"https:\/\/www.epischel.de\/wordpress\/wp-json\/wp\/v2\/types\/post"}],"author":[{"embeddable":true,"href":"https:\/\/www.epischel.de\/wordpress\/wp-json\/wp\/v2\/users\/2"}],"replies":[{"embeddable":true,"href":"https:\/\/www.epischel.de\/wordpress\/wp-json\/wp\/v2\/comments?post=1078"}],"version-history":[{"count":2,"href":"https:\/\/www.epischel.de\/wordpress\/wp-json\/wp\/v2\/posts\/1078\/revisions"}],"predecessor-version":[{"id":1080,"href":"https:\/\/www.epischel.de\/wordpress\/wp-json\/wp\/v2\/posts\/1078\/revisions\/1080"}],"wp:attachment":[{"href":"https:\/\/www.epischel.de\/wordpress\/wp-json\/wp\/v2\/media?parent=1078"}],"wp:term":[{"taxonomy":"category","embeddable":true,"href":"https:\/\/www.epischel.de\/wordpress\/wp-json\/wp\/v2\/categories?post=1078"},{"taxonomy":"post_tag","embeddable":true,"href":"https:\/\/www.epischel.de\/wordpress\/wp-json\/wp\/v2\/tags?post=1078"},{"taxonomy":"series","embeddable":true,"href":"https:\/\/www.epischel.de\/wordpress\/wp-json\/wp\/v2\/series?post=1078"}],"curies":[{"name":"wp","href":"https:\/\/api.w.org\/{rel}","templated":true}]}}