{"id":1087,"date":"2017-03-26T21:26:15","date_gmt":"2017-03-26T19:26:15","guid":{"rendered":"https:\/\/www.epischel.de\/wordpress\/?p=1087"},"modified":"2017-03-26T21:26:15","modified_gmt":"2017-03-26T19:26:15","slug":"vornamen-unserer-ahnen","status":"publish","type":"post","link":"https:\/\/www.epischel.de\/wordpress\/2017\/03\/vornamen-unserer-ahnen\/","title":{"rendered":"Vornamen unserer Ahnen"},"content":{"rendered":"<section class=\"h-cite response u-in-reply-to \">\n<header>\n<span class=\"svg-icon svg-reply\" aria-label=\"Reply\" title=\"Reply\" style=\"display: inline-block; max-height: 1rem; margin-right: 0.5rem\"><span aria-hidden=\"true\"><svg xmlns=\"http:\/\/www.w3.org\/2000\/svg\" viewBox=\"0 0 576 512\"><path d=\"M576 240c0 115-129 208-288 208-48.3 0-93.9-8.6-133.9-23.8-40.3 31.2-89.8 50.3-142.4 55.7-5.2.6-10.2-2.8-11.5-7.7-1.3-5 2.7-8.1 6.6-11.8 19.3-18.4 42.7-32.8 51.9-94.6C21.9 330.9 0 287.3 0 240 0 125.1 129 32 288 32s288 93.1 288 208z\"\/><\/svg><\/span><\/span><a href=\"https:\/\/blog.myheritage.de\/2017\/03\/so-ist-das-mit-den-deutschen-namen\/\" class=\"p-name u-url\">So ist das mit den deutschen Namen! &#8211;  MyHeritage Blog<\/a><em> (<span class=\"p-publication\">blog.myheritage.de<\/span>)<\/em><\/header>\n<blockquote class=\"e-summary\"><p>Seitdem es Kirchenbuchaufzeichnungen gibt (in der Regel beginnend in den 1500er Jahren) und bis zum Ende der ersten [Auswanderungs-]Welle, wurden die meisten deutschen Kinder mit zwei Vornamen getauft. Jungs trugen als ersten Namen fast immer den Namen Johann oder Hans, w\u00e4hrend M\u00e4dchen in der Regel Anna oder Maria hie\u00dfen. Diese gemeinsamen Vornamen wurden oft in den Taufaufzeichnungen aufgefasst und die Person verwendete meistens ihren mittleren Namen \u2013 den Rufnamen.<\/p><\/blockquote>\n<\/section>\n<p>F\u00fcr das katholischen B\u00f6hmen kann ich best\u00e4tigen, dass Vornamen so vergeben worden sind: oft hie\u00dfen die Jungen &#8222;Johann X&#8220;, die M\u00e4dchen &#8222;Anna Y&#8220; oder &#8222;Maria Z&#8220; und wurden sicherlich mit dem zweiten Namen gerufen.<\/p>\n<p>Die Protestanten in Halle a.d. Saale waren da kreativer, aber auch da war der letzte Name der Rufname (ist sogar bei meiner Mutter so). Highlight f\u00fcr mich sind Vornamen wie &#8222;Paul Curt Willi&#8220; oder &#8222;Auguste Therese Christiane Hedwig&#8220; aus der 2. H\u00e4lfte des 19. Jahrhunderts.<\/p>\n<p>Die Prostanten in Westpreu\u00dfen waren da gen\u00fcgsamer und nutzten nur einen oder zwei Vornamen.<\/p>\n<p>Insgesamt ein teilweise interessanter Artikel, der anregt, \u00fcber die Vergabe von Vornamen bei den eigenen Vorfahren nachzudenken.<\/p>\n<div class=\"syndication-links\"><\/div>","protected":false},"excerpt":{"rendered":"<section class=\"h-cite response u-in-reply-to \">\n<header>\n<span class=\"svg-icon svg-reply\" aria-label=\"Reply\" title=\"Reply\" style=\"display: inline-block; max-height: 1rem; margin-right: 0.5rem\"><span aria-hidden=\"true\"><svg xmlns=\"http:\/\/www.w3.org\/2000\/svg\" viewBox=\"0 0 576 512\"><path d=\"M576 240c0 115-129 208-288 208-48.3 0-93.9-8.6-133.9-23.8-40.3 31.2-89.8 50.3-142.4 55.7-5.2.6-10.2-2.8-11.5-7.7-1.3-5 2.7-8.1 6.6-11.8 19.3-18.4 42.7-32.8 51.9-94.6C21.9 330.9 0 287.3 0 240 0 125.1 129 32 288 32s288 93.1 288 208z\"\/><\/svg><\/span><\/span><a href=\"https:\/\/blog.myheritage.de\/2017\/03\/so-ist-das-mit-den-deutschen-namen\/\" class=\"p-name u-url\">So ist das mit den deutschen Namen! &#8211;  MyHeritage Blog<\/a><em> (<span class=\"p-publication\">blog.myheritage.de<\/span>)<\/em><\/header>\n<blockquote class=\"e-summary\"><p>Seitdem es Kirchenbuchaufzeichnungen gibt (in der Regel beginnend in den 1500er Jahren) und bis zum Ende der ersten [Auswanderungs-]Welle, wurden die meisten deutschen Kinder mit zwei Vornamen getauft. Jungs trugen als ersten Namen fast immer den Namen Johann oder Hans, w\u00e4hrend M\u00e4dchen in der Regel Anna oder Maria hie\u00dfen. Diese gemeinsamen Vornamen wurden oft in den Taufaufzeichnungen aufgefasst und die Person verwendete meistens ihren mittleren Namen \u2013 den Rufnamen.<\/p><\/blockquote>\n<\/section>\n<p>F\u00fcr das katholischen B\u00f6hmen kann ich best\u00e4tigen, dass Vornamen so vergeben worden sind: oft hie\u00dfen die Jungen &#8222;Johann X&#8220;, die M\u00e4dchen &#8222;Anna Y&#8220; oder &#8222;Maria Z&#8220; und wurden sicherlich mit dem zweiten Namen gerufen. Die Protestanten in Halle a.d. Saale waren da kreativer, aber auch da war der letzte Name der Rufname (ist sogar bei&hellip;<\/p>\n","protected":false},"author":2,"featured_media":0,"comment_status":"open","ping_status":"open","sticky":false,"template":"","format":"link","meta":{"mf2_syndication":[],"webmentions_disabled_pings":false,"webmentions_disabled":false,"footnotes":""},"categories":[22],"tags":[230,231],"series":[],"class_list":["post-1087","post","type-post","status-publish","format-link","hentry","category-ahnenforschung","tag-namen","tag-vornamen","post_format-post-format-link","kind-reply"],"kind":false,"_links":{"self":[{"href":"https:\/\/www.epischel.de\/wordpress\/wp-json\/wp\/v2\/posts\/1087","targetHints":{"allow":["GET"]}}],"collection":[{"href":"https:\/\/www.epischel.de\/wordpress\/wp-json\/wp\/v2\/posts"}],"about":[{"href":"https:\/\/www.epischel.de\/wordpress\/wp-json\/wp\/v2\/types\/post"}],"author":[{"embeddable":true,"href":"https:\/\/www.epischel.de\/wordpress\/wp-json\/wp\/v2\/users\/2"}],"replies":[{"embeddable":true,"href":"https:\/\/www.epischel.de\/wordpress\/wp-json\/wp\/v2\/comments?post=1087"}],"version-history":[{"count":3,"href":"https:\/\/www.epischel.de\/wordpress\/wp-json\/wp\/v2\/posts\/1087\/revisions"}],"predecessor-version":[{"id":1090,"href":"https:\/\/www.epischel.de\/wordpress\/wp-json\/wp\/v2\/posts\/1087\/revisions\/1090"}],"wp:attachment":[{"href":"https:\/\/www.epischel.de\/wordpress\/wp-json\/wp\/v2\/media?parent=1087"}],"wp:term":[{"taxonomy":"category","embeddable":true,"href":"https:\/\/www.epischel.de\/wordpress\/wp-json\/wp\/v2\/categories?post=1087"},{"taxonomy":"post_tag","embeddable":true,"href":"https:\/\/www.epischel.de\/wordpress\/wp-json\/wp\/v2\/tags?post=1087"},{"taxonomy":"series","embeddable":true,"href":"https:\/\/www.epischel.de\/wordpress\/wp-json\/wp\/v2\/series?post=1087"}],"curies":[{"name":"wp","href":"https:\/\/api.w.org\/{rel}","templated":true}]}}