{"id":1140,"date":"2017-08-24T07:58:04","date_gmt":"2017-08-24T05:58:04","guid":{"rendered":"https:\/\/www.epischel.de\/wordpress\/?p=1140"},"modified":"2017-08-25T21:31:59","modified_gmt":"2017-08-25T19:31:59","slug":"kurzrezension-der-fuenfte-berg-von-paulo-coelho","status":"publish","type":"post","link":"https:\/\/www.epischel.de\/wordpress\/2017\/08\/kurzrezension-der-fuenfte-berg-von-paulo-coelho\/","title":{"rendered":"Kurzrezension: &#8222;Der f\u00fcnfte Berg&#8220; von Paulo Coelho"},"content":{"rendered":"<section class=\"response p-read-of h-cite\">\n<header>\n<span class=\"svg-icon svg-read\" aria-label=\"Read\" title=\"Read\" style=\"display: inline-block; max-height: 1rem; margin-right: 0.5rem\"><span aria-hidden=\"true\"><svg xmlns=\"http:\/\/www.w3.org\/2000\/svg\" viewBox=\"0 0 448 512\"><path d=\"M448 360V24c0-13.3-10.7-24-24-24H96C43 0 0 43 0 96v320c0 53 43 96 96 96h328c13.3 0 24-10.7 24-24v-16c0-7.5-3.5-14.3-8.9-18.7-4.2-15.4-4.2-59.3 0-74.7 5.4-4.3 8.9-11.1 8.9-18.6zM128 134c0-3.3 2.7-6 6-6h212c3.3 0 6 2.7 6 6v20c0 3.3-2.7 6-6 6H134c-3.3 0-6-2.7-6-6v-20zm0 64c0-3.3 2.7-6 6-6h212c3.3 0 6 2.7 6 6v20c0 3.3-2.7 6-6 6H134c-3.3 0-6-2.7-6-6v-20zm253.4 250H96c-17.7 0-32-14.3-32-32 0-17.6 14.4-32 32-32h285.4c-1.9 17.1-1.9 46.9 0 64z\"\/><\/svg><\/span><\/span><span class=\"p-name\"> <\/span> <em>(<span class=\"p-publication\"> <\/span>)<\/em><\/header>\n<\/section>\n<p>Mein erstes Buch des Schriftstellers. Inhaltsangabe des Verlags:<\/p>\n<blockquote><p>Paulo Coelho erz\u00e4hlt in einfacher, moderner Sprache die Geschichte des Propheten Elia, die wir alle kennen, \u203aso wie wir sie nicht kennen\u2039: Sein neuer Roman \u203aDer F\u00fcnfte Berg\u2039 versetzt uns zur\u00fcck ins Jahr 870 v. Chr., als Gott Elia befahl, Israel zu verlassen und ins Exil zu gehen. Ausgehend von einer kurzen Bibelstelle erz\u00e4hlt Paulo Coelho die Geschichte des jungen Rebellen und Propheten wider Willen.<\/p><\/blockquote>\n<p>Coelho schreibt in einfachen Worten und S\u00e4tzen. Ich wei\u00df nicht, ob er auch sonst so schreibt oder ob er den Stil gew\u00e4hlt hat, weil er eine Geschichte aus dem alten Testament weiter erz\u00e4hlt und ungef\u00e4hr dessen Stil w\u00e4hlt (wenn auch in moderner Sprache).<\/p>\n<p>Obwohl man auch als Atheist einiges aus diesem Buch ziehen kann, ist es f\u00fcr mich ein religi\u00f6ses Buch. Elias Leben in der Fremde, unter Feinden gar, seine neue Liebe zu einer Frau und die Ungewissheit, was seine Bestimmung ist und ob er das Leben selbst in die Hand nehmen sollte, lassen sich auch ohne religi\u00f6sen Hintergrund nachvollziehen.<\/p>\n<p><i>Spoiler<\/i><\/p>\n<p>Die Hauptaussage im Buch ist m.E.: mit Gott k\u00e4mpfen, d.h. bewusst aus den M\u00f6glichkeiten (die Gott einem bietet) seinen Lebensweg w\u00e4hlen und damit seinem Leben einen Sinn geben. Die entscheidende Stelle im Buch beginnt mit der Erz\u00e4hlung der Geschichte vom Kampf Jakobs mit dem Engel: Jakob behauptet sich und Gott segnet ihn auf den Namen <i>Israel<\/i>.<\/p>\n<blockquote><p>Manchmal ist es notwendig, mit Gott zu k\u00e4mpfen. Alle Menschen mussten irgendwann in ihrem Leben ein Ungl\u00fcck durchmachen. [&#8230;] In diesem Augenblick forderte Gott sie heraus, sich ihm zu stellen und ihm seine Frage zu beantworten: &#8222;Warum klammerst Du Dich so sehr an ein kurzes Leben voller Leiden? Welchen Sinn hat Dein Kampf?&#8220;<\/p>\n<p>[&#8230;]<\/p>\n<p>Vom Himmel l\u00e4chelt der Herr zufrieden &#8211; weil es genau dies war, was Er wollte. Er wollte n\u00e4mlich, dass jeder die Verantwortung f\u00fcr sein Leben in die eigenen H\u00e4nde nahm. Schlie\u00dflich war dies ja die gr\u00f6\u00dfte Gabe, die er Seinen Kindern gegeben hatte: Die F\u00e4higkeit, selbst zu w\u00e4hlen und selbst zu bestimmen. (S. 189f)<\/p><\/blockquote>\n<p>Elias hat lange gebraucht, die zu begreifen.<\/p>\n<p>Apropos <a href=\"https:\/\/www.youtube.com\/watch?v=6Ogr9dXW3_k\">&#8222;Jakob und der Engel&#8220;<\/a>.<\/p>\n<div class=\"syndication-links\"><\/div>","protected":false},"excerpt":{"rendered":"<section class=\"response p-read-of h-cite\">\n<header>\n<span class=\"svg-icon svg-read\" aria-label=\"Read\" title=\"Read\" style=\"display: inline-block; max-height: 1rem; margin-right: 0.5rem\"><span aria-hidden=\"true\"><svg xmlns=\"http:\/\/www.w3.org\/2000\/svg\" viewBox=\"0 0 448 512\"><path d=\"M448 360V24c0-13.3-10.7-24-24-24H96C43 0 0 43 0 96v320c0 53 43 96 96 96h328c13.3 0 24-10.7 24-24v-16c0-7.5-3.5-14.3-8.9-18.7-4.2-15.4-4.2-59.3 0-74.7 5.4-4.3 8.9-11.1 8.9-18.6zM128 134c0-3.3 2.7-6 6-6h212c3.3 0 6 2.7 6 6v20c0 3.3-2.7 6-6 6H134c-3.3 0-6-2.7-6-6v-20zm0 64c0-3.3 2.7-6 6-6h212c3.3 0 6 2.7 6 6v20c0 3.3-2.7 6-6 6H134c-3.3 0-6-2.7-6-6v-20zm253.4 250H96c-17.7 0-32-14.3-32-32 0-17.6 14.4-32 32-32h285.4c-1.9 17.1-1.9 46.9 0 64z\"\/><\/svg><\/span><\/span><span class=\"p-name\"> <\/span> <em>(<span class=\"p-publication\"> <\/span>)<\/em><\/header>\n<\/section>\n<p>Mein erstes Buch des Schriftstellers. Inhaltsangabe des Verlags: Paulo Coelho erz\u00e4hlt in einfacher, moderner Sprache die Geschichte des Propheten Elia, die wir alle kennen, \u203aso wie wir sie nicht kennen\u2039: Sein neuer Roman \u203aDer F\u00fcnfte Berg\u2039 versetzt uns zur\u00fcck ins Jahr 870 v. Chr., als Gott Elia befahl, Israel zu verlassen und ins Exil zu&hellip;<\/p>\n","protected":false},"author":2,"featured_media":0,"comment_status":"open","ping_status":"open","sticky":false,"template":"","format":"standard","meta":{"mf2_syndication":[],"webmentions_disabled_pings":false,"webmentions_disabled":false,"footnotes":""},"categories":[36],"tags":[170,95],"series":[],"class_list":["post-1140","post","type-post","status-publish","format-standard","hentry","category-buecher","tag-buch","tag-rezension","kind-read"],"kind":false,"_links":{"self":[{"href":"https:\/\/www.epischel.de\/wordpress\/wp-json\/wp\/v2\/posts\/1140","targetHints":{"allow":["GET"]}}],"collection":[{"href":"https:\/\/www.epischel.de\/wordpress\/wp-json\/wp\/v2\/posts"}],"about":[{"href":"https:\/\/www.epischel.de\/wordpress\/wp-json\/wp\/v2\/types\/post"}],"author":[{"embeddable":true,"href":"https:\/\/www.epischel.de\/wordpress\/wp-json\/wp\/v2\/users\/2"}],"replies":[{"embeddable":true,"href":"https:\/\/www.epischel.de\/wordpress\/wp-json\/wp\/v2\/comments?post=1140"}],"version-history":[{"count":4,"href":"https:\/\/www.epischel.de\/wordpress\/wp-json\/wp\/v2\/posts\/1140\/revisions"}],"predecessor-version":[{"id":1153,"href":"https:\/\/www.epischel.de\/wordpress\/wp-json\/wp\/v2\/posts\/1140\/revisions\/1153"}],"wp:attachment":[{"href":"https:\/\/www.epischel.de\/wordpress\/wp-json\/wp\/v2\/media?parent=1140"}],"wp:term":[{"taxonomy":"category","embeddable":true,"href":"https:\/\/www.epischel.de\/wordpress\/wp-json\/wp\/v2\/categories?post=1140"},{"taxonomy":"post_tag","embeddable":true,"href":"https:\/\/www.epischel.de\/wordpress\/wp-json\/wp\/v2\/tags?post=1140"},{"taxonomy":"series","embeddable":true,"href":"https:\/\/www.epischel.de\/wordpress\/wp-json\/wp\/v2\/series?post=1140"}],"curies":[{"name":"wp","href":"https:\/\/api.w.org\/{rel}","templated":true}]}}