{"id":1143,"date":"2017-08-21T22:01:51","date_gmt":"2017-08-21T20:01:51","guid":{"rendered":"https:\/\/www.epischel.de\/wordpress\/?p=1143"},"modified":"2018-05-19T22:43:02","modified_gmt":"2018-05-19T20:43:02","slug":"richtungsverkehr-am-s-bahnhof-ostkreuz","status":"publish","type":"post","link":"https:\/\/www.epischel.de\/wordpress\/2017\/08\/richtungsverkehr-am-s-bahnhof-ostkreuz\/","title":{"rendered":"Richtungsverkehr am S-Bahnhof Ostkreuz"},"content":{"rendered":"<p>Endlich Richtungsverkehr am Ostkreuz. Die S3 ist zur\u00fcck auf der Stadtbahn (nach f\u00fcnf Jahren), am S-Bhf. Rummelsburg h\u00e4lt die S-Bahn wieder. Die s\u00fcdliche Fu\u00dfg\u00e4ngerbr\u00fccke wurde neu gebaut (ganz in Wei\u00df).<\/p>\n<p>Es &#8222;hakte&#8220; noch m\u00e4chtig am ersten Tag.<\/p>\n<p><em><b>Update<\/b><\/em>: es &#8222;hakt&#8220; auch weiterhin, vom Ostkreuz bis Ostbahnhof. <a href=\"http:\/\/www.berliner-zeitung.de\/berlin\/verkehr\/verspaetungen-und-zugausfaelle-senat-laedt-s-bahn-zum-krisengespraech-28250762\">Angeblich<\/a> Probleme mit dem neuen elektronischen Stellwerk und der neu eingebauten Zugbeeinflussung.<\/p>\n<div class=\"syndication-links\"><\/div>","protected":false},"excerpt":{"rendered":"<p>Endlich Richtungsverkehr am Ostkreuz. Die S3 ist zur\u00fcck auf der Stadtbahn (nach f\u00fcnf Jahren), am S-Bhf. Rummelsburg h\u00e4lt die S-Bahn wieder. Die s\u00fcdliche Fu\u00dfg\u00e4ngerbr\u00fccke wurde neu gebaut (ganz in Wei\u00df). Es &#8222;hakte&#8220; noch m\u00e4chtig am ersten Tag. Update: es &#8222;hakt&#8220; auch weiterhin, vom Ostkreuz bis Ostbahnhof. Angeblich Probleme mit dem neuen elektronischen Stellwerk und der&hellip;<\/p>\n","protected":false},"author":2,"featured_media":0,"comment_status":"open","ping_status":"open","sticky":false,"template":"","format":"aside","meta":{"mf2_syndication":[],"webmentions_disabled_pings":false,"webmentions_disabled":false,"footnotes":""},"categories":[6],"tags":[17,86],"series":[],"class_list":["post-1143","post","type-post","status-publish","format-aside","hentry","category-familie","tag-berlin","tag-ostkreuz","post_format-post-format-aside","kind-article"],"kind":false,"_links":{"self":[{"href":"https:\/\/www.epischel.de\/wordpress\/wp-json\/wp\/v2\/posts\/1143","targetHints":{"allow":["GET"]}}],"collection":[{"href":"https:\/\/www.epischel.de\/wordpress\/wp-json\/wp\/v2\/posts"}],"about":[{"href":"https:\/\/www.epischel.de\/wordpress\/wp-json\/wp\/v2\/types\/post"}],"author":[{"embeddable":true,"href":"https:\/\/www.epischel.de\/wordpress\/wp-json\/wp\/v2\/users\/2"}],"replies":[{"embeddable":true,"href":"https:\/\/www.epischel.de\/wordpress\/wp-json\/wp\/v2\/comments?post=1143"}],"version-history":[{"count":4,"href":"https:\/\/www.epischel.de\/wordpress\/wp-json\/wp\/v2\/posts\/1143\/revisions"}],"predecessor-version":[{"id":1166,"href":"https:\/\/www.epischel.de\/wordpress\/wp-json\/wp\/v2\/posts\/1143\/revisions\/1166"}],"wp:attachment":[{"href":"https:\/\/www.epischel.de\/wordpress\/wp-json\/wp\/v2\/media?parent=1143"}],"wp:term":[{"taxonomy":"category","embeddable":true,"href":"https:\/\/www.epischel.de\/wordpress\/wp-json\/wp\/v2\/categories?post=1143"},{"taxonomy":"post_tag","embeddable":true,"href":"https:\/\/www.epischel.de\/wordpress\/wp-json\/wp\/v2\/tags?post=1143"},{"taxonomy":"series","embeddable":true,"href":"https:\/\/www.epischel.de\/wordpress\/wp-json\/wp\/v2\/series?post=1143"}],"curies":[{"name":"wp","href":"https:\/\/api.w.org\/{rel}","templated":true}]}}