{"id":1159,"date":"2017-09-02T22:12:42","date_gmt":"2017-09-02T20:12:42","guid":{"rendered":"https:\/\/www.epischel.de\/wordpress\/?p=1159"},"modified":"2017-09-02T22:12:42","modified_gmt":"2017-09-02T20:12:42","slug":"chronik-eines-angekuendigten-todes-gabriel-garcia-marquez","status":"publish","type":"post","link":"https:\/\/www.epischel.de\/wordpress\/2017\/09\/chronik-eines-angekuendigten-todes-gabriel-garcia-marquez\/","title":{"rendered":"Kurzrezension: &#8222;Chronik eines angek\u00fcndigten Todes&#8220; von Gabriel Garc\u00eda M\u00e1rquez"},"content":{"rendered":"<section class=\"response p-read-of h-cite\">\n<header>\n<span class=\"svg-icon svg-read\" aria-label=\"Read\" title=\"Read\" style=\"display: inline-block; max-height: 1rem; margin-right: 0.5rem\"><span aria-hidden=\"true\"><svg xmlns=\"http:\/\/www.w3.org\/2000\/svg\" viewBox=\"0 0 448 512\"><path d=\"M448 360V24c0-13.3-10.7-24-24-24H96C43 0 0 43 0 96v320c0 53 43 96 96 96h328c13.3 0 24-10.7 24-24v-16c0-7.5-3.5-14.3-8.9-18.7-4.2-15.4-4.2-59.3 0-74.7 5.4-4.3 8.9-11.1 8.9-18.6zM128 134c0-3.3 2.7-6 6-6h212c3.3 0 6 2.7 6 6v20c0 3.3-2.7 6-6 6H134c-3.3 0-6-2.7-6-6v-20zm0 64c0-3.3 2.7-6 6-6h212c3.3 0 6 2.7 6 6v20c0 3.3-2.7 6-6 6H134c-3.3 0-6-2.7-6-6v-20zm253.4 250H96c-17.7 0-32-14.3-32-32 0-17.6 14.4-32 32-32h285.4c-1.9 17.1-1.9 46.9 0 64z\"\/><\/svg><\/span><\/span><span class=\"p-name\"> <\/span> <em>(<span class=\"p-publication\"> <\/span>)<\/em><\/header>\n<div id='gallery-1' class='gallery galleryid-1159 gallery-columns-1 gallery-size-large'>\n<figure class='gallery-item'>\n<div class='gallery-icon portrait'>\n\t\t\t\t<a href='https:\/\/www.epischel.de\/wordpress\/wp-content\/chronik-todes.jpg'><img loading=\"lazy\" decoding=\"async\" width=\"580\" height=\"882\" src=\"https:\/\/www.epischel.de\/wordpress\/wp-content\/chronik-todes-673x1024.jpg\" class=\"attachment-large size-large\" alt=\"\" srcset=\"https:\/\/www.epischel.de\/wordpress\/wp-content\/chronik-todes-673x1024.jpg 673w, https:\/\/www.epischel.de\/wordpress\/wp-content\/chronik-todes-197x300.jpg 197w, https:\/\/www.epischel.de\/wordpress\/wp-content\/chronik-todes-768x1169.jpg 768w, https:\/\/www.epischel.de\/wordpress\/wp-content\/chronik-todes-668x1017.jpg 668w, https:\/\/www.epischel.de\/wordpress\/wp-content\/chronik-todes.jpg 776w\" sizes=\"auto, (max-width: 580px) 100vw, 580px\" \/><\/a>\n\t\t\t<\/div>\n<\/figure><\/div>\n<\/section>\n<div>Ein kurzer Roman von Gabriel Garc\u00eda M\u00e1rquez. Der Klappentext der Ausgabe des Philipp Reclam jun. Verlags Leipzig fasst es ganz gut zusammen:<\/div>\n<blockquote>\n<div>[&#8230;], in dem [Roman vollzieht] sich die Handlung an einem Montagmorgen in einem Zeitraum von nur anderthalb Stunden. Die Trag\u00f6die, die sich anbahnt, kann von den zaghaften Versuchen der Dorfbewohner, sie noch abzuwenden, nicht mehr aufgehalten werden. Durch einen \u00fcberkommenen Ehrbegriff ausgel\u00f6st, der ohne tieferen Sinn nur noch als eingeschliffenes Vorurteil im Bewu\u00dftsein der Beteiligten weitelebt, nimmt sie schicksalhaft ihren Lauf. Die Rache, nach der verlorene Ehre verlangt, trifft den Falschen und w\u00e4chst sich zu einem Verbrechen aus, f\u00fcr das ein ganzes Dorf durch seine Tatenlosigkeit die Verantwortung tr\u00e4gt.<\/div>\n<\/blockquote>\n<div>\n<figure id=\"attachment_1162\" aria-describedby=\"caption-attachment-1162\" style=\"width: 197px\" class=\"wp-caption alignleft\"><a href=\"http:\/\/www.fischerverlage.de\/buch\/chronik_eines_angekuendigten_todes\/9783596162536\"><img loading=\"lazy\" decoding=\"async\" class=\"wp-image-1162 size-medium\" src=\"https:\/\/www.epischel.de\/wordpress\/wp-content\/chronik-todes-197x300.jpg\" alt=\"\" width=\"197\" height=\"300\" srcset=\"https:\/\/www.epischel.de\/wordpress\/wp-content\/chronik-todes-197x300.jpg 197w, https:\/\/www.epischel.de\/wordpress\/wp-content\/chronik-todes-768x1169.jpg 768w, https:\/\/www.epischel.de\/wordpress\/wp-content\/chronik-todes-673x1024.jpg 673w, https:\/\/www.epischel.de\/wordpress\/wp-content\/chronik-todes-668x1017.jpg 668w, https:\/\/www.epischel.de\/wordpress\/wp-content\/chronik-todes.jpg 776w\" sizes=\"auto, (max-width: 197px) 100vw, 197px\" \/><\/a><figcaption id=\"caption-attachment-1162\" class=\"wp-caption-text\">Cover-Bild der Taschenbuchausgabe des Fischer-Verlages<\/figcaption><\/figure>\n<\/div>\n<div>Fl\u00fcssig zu lesen und Recht kurz, ist der Roman auch bald zu Ende. Mit offenen Mund staunte ich, wie der Todeszeitpunkt immer n\u00e4her kommt und das Dorf zwischen &#8222;die (M\u00f6rder in spe) werden das nicht tun!&#8220; und halbherzigen Versuchen, die Trag\u00f6die zu verhindern, schwankt. Leseempfehlung!<\/div>\n<div><a href=\"https:\/\/radiergummi.wordpress.com\/2015\/12\/16\/gabriel-garcia-marquez-chronik-eines-angekuendigten-todes\/\">Hier<\/a> noch eine weitere, ausf\u00fchrliche Rezension.<\/div>\n<div class=\"syndication-links\"><\/div>","protected":false},"excerpt":{"rendered":"<section class=\"response p-read-of h-cite\">\n<header>\n<span class=\"svg-icon svg-read\" aria-label=\"Read\" title=\"Read\" style=\"display: inline-block; max-height: 1rem; margin-right: 0.5rem\"><span aria-hidden=\"true\"><svg xmlns=\"http:\/\/www.w3.org\/2000\/svg\" viewBox=\"0 0 448 512\"><path d=\"M448 360V24c0-13.3-10.7-24-24-24H96C43 0 0 43 0 96v320c0 53 43 96 96 96h328c13.3 0 24-10.7 24-24v-16c0-7.5-3.5-14.3-8.9-18.7-4.2-15.4-4.2-59.3 0-74.7 5.4-4.3 8.9-11.1 8.9-18.6zM128 134c0-3.3 2.7-6 6-6h212c3.3 0 6 2.7 6 6v20c0 3.3-2.7 6-6 6H134c-3.3 0-6-2.7-6-6v-20zm0 64c0-3.3 2.7-6 6-6h212c3.3 0 6 2.7 6 6v20c0 3.3-2.7 6-6 6H134c-3.3 0-6-2.7-6-6v-20zm253.4 250H96c-17.7 0-32-14.3-32-32 0-17.6 14.4-32 32-32h285.4c-1.9 17.1-1.9 46.9 0 64z\"\/><\/svg><\/span><\/span><span class=\"p-name\"> <\/span> <em>(<span class=\"p-publication\"> <\/span>)<\/em><\/header>\n<div id='gallery-3' class='gallery galleryid-1159 gallery-columns-1 gallery-size-large'>\n<figure class='gallery-item'>\n<div class='gallery-icon portrait'>\n\t\t\t\t<a href='https:\/\/www.epischel.de\/wordpress\/wp-content\/chronik-todes.jpg'><img width=\"580\" height=\"882\" src=\"https:\/\/www.epischel.de\/wordpress\/wp-content\/chronik-todes-673x1024.jpg\" class=\"attachment-large size-large\" alt=\"\" decoding=\"async\" loading=\"lazy\" srcset=\"https:\/\/www.epischel.de\/wordpress\/wp-content\/chronik-todes-673x1024.jpg 673w, https:\/\/www.epischel.de\/wordpress\/wp-content\/chronik-todes-197x300.jpg 197w, https:\/\/www.epischel.de\/wordpress\/wp-content\/chronik-todes-768x1169.jpg 768w, https:\/\/www.epischel.de\/wordpress\/wp-content\/chronik-todes-668x1017.jpg 668w, https:\/\/www.epischel.de\/wordpress\/wp-content\/chronik-todes.jpg 776w\" sizes=\"auto, (max-width: 580px) 100vw, 580px\" \/><\/a>\n\t\t\t<\/div>\n<\/figure><\/div>\n<\/section>\n<p>Ein kurzer Roman von Gabriel Garc\u00eda M\u00e1rquez. Der Klappentext der Ausgabe des Philipp Reclam jun. Verlags Leipzig fasst es ganz gut zusammen: [&#8230;], in dem [Roman vollzieht] sich die Handlung an einem Montagmorgen in einem Zeitraum von nur anderthalb Stunden. Die Trag\u00f6die, die sich anbahnt, kann von den zaghaften Versuchen der Dorfbewohner, sie noch abzuwenden,&hellip;<\/p>\n","protected":false},"author":2,"featured_media":0,"comment_status":"open","ping_status":"open","sticky":false,"template":"","format":"standard","meta":{"mf2_syndication":[],"webmentions_disabled_pings":false,"webmentions_disabled":false,"footnotes":""},"categories":[36],"tags":[95],"series":[],"class_list":["post-1159","post","type-post","status-publish","format-standard","hentry","category-buecher","tag-rezension","kind-read"],"kind":false,"_links":{"self":[{"href":"https:\/\/www.epischel.de\/wordpress\/wp-json\/wp\/v2\/posts\/1159","targetHints":{"allow":["GET"]}}],"collection":[{"href":"https:\/\/www.epischel.de\/wordpress\/wp-json\/wp\/v2\/posts"}],"about":[{"href":"https:\/\/www.epischel.de\/wordpress\/wp-json\/wp\/v2\/types\/post"}],"author":[{"embeddable":true,"href":"https:\/\/www.epischel.de\/wordpress\/wp-json\/wp\/v2\/users\/2"}],"replies":[{"embeddable":true,"href":"https:\/\/www.epischel.de\/wordpress\/wp-json\/wp\/v2\/comments?post=1159"}],"version-history":[{"count":5,"href":"https:\/\/www.epischel.de\/wordpress\/wp-json\/wp\/v2\/posts\/1159\/revisions"}],"predecessor-version":[{"id":1167,"href":"https:\/\/www.epischel.de\/wordpress\/wp-json\/wp\/v2\/posts\/1159\/revisions\/1167"}],"wp:attachment":[{"href":"https:\/\/www.epischel.de\/wordpress\/wp-json\/wp\/v2\/media?parent=1159"}],"wp:term":[{"taxonomy":"category","embeddable":true,"href":"https:\/\/www.epischel.de\/wordpress\/wp-json\/wp\/v2\/categories?post=1159"},{"taxonomy":"post_tag","embeddable":true,"href":"https:\/\/www.epischel.de\/wordpress\/wp-json\/wp\/v2\/tags?post=1159"},{"taxonomy":"series","embeddable":true,"href":"https:\/\/www.epischel.de\/wordpress\/wp-json\/wp\/v2\/series?post=1159"}],"curies":[{"name":"wp","href":"https:\/\/api.w.org\/{rel}","templated":true}]}}