{"id":1175,"date":"2017-10-24T13:10:52","date_gmt":"2017-10-24T11:10:52","guid":{"rendered":"https:\/\/www.epischel.de\/wordpress\/?p=1175"},"modified":"2017-10-26T12:04:48","modified_gmt":"2017-10-26T10:04:48","slug":"mein-uropa-armierungssoldat-im-1-weltkrieg","status":"publish","type":"post","link":"https:\/\/www.epischel.de\/wordpress\/2017\/10\/mein-uropa-armierungssoldat-im-1-weltkrieg\/","title":{"rendered":"Mein Uropa &#8211; Armierungssoldat im 1. Weltkrieg"},"content":{"rendered":"<p>Mein Uropa Friedrich Hermann Ketter und zwei seiner Br\u00fcder sind w\u00e4hrend des ersten Weltkrieges gestorben. Die Familiengeschichte \u00fcberliefert, dass sie im Krieg gefallen sind.<\/p>\n<h1>Die Br\u00fcder<\/h1>\n<p>Seine Br\u00fcder Karl Albert und Wilhelm Ketter sind in den <a href=\"http:\/\/www.verlustlisten.de\">Verlustlisten des ersten Weltkriegs<\/a> zu finden. Friedrich Albert ist in der Liste vom <a href=\"http:\/\/des.genealogy.net\/search\/show\/7217507\">10. November 1917<\/a> als vermisst eingetragen. Ein Regiment ist nicht angegeben. Wilhelm Ketter ist in der Liste vom <a href=\"http:\/\/des.genealogy.net\/search\/show\/4222597\">5. August 1916<\/a> als gefallen eingetragen. Demnach geh\u00f6rte er dem Infanterie-Regiment 26 an, welches sich laut <a href=\"http:\/\/genwiki.genealogy.net\/7._Division_(Alte_Armee)#Erster_Weltkrieg_.5B6.5D\">Gefechtschronik<\/a> in dieser Zeit im Stellungskrieg in Flandern und Artois befand.<\/p>\n<h1>Mein Uropa<\/h1>\n<p>Im Sterberegister von Halle (Saale) habe ich den Sterbeeintrag meines Gro\u00dfvaters gefunden:<\/p>\n<blockquote>\n<div dir=\"auto\">Der Kommandeur der Landsturm-Infanterie-Bataillon IV. 31. hat angezeigt, da\u00df der Armierungssoldat der 4. Kompanie Armierungs-Bataillon 179, Stra\u00dfenbahnwagenf\u00fchrer Friedrich Hermann Ketter, neunundzwanzig Jahre alt, evangelischer Religion, zuletzt wohnhaft in Halle, K\u00f6rnerstra\u00dfe 27, geboren zu Halle, verheiratet gewesen mit Helene Fried Ketter geborene Rosch, wohnhaft in Halle, Sohn des verstorbenen Eisendreiher Christin Wilhelm Carl Ketter, zuletzt wohnhaft in Halle und seiner Ehefrau Johanna Maria Wilhelmine, geborene Haucke, wohnhaft in Halle, zu La Capelle im Kaserne Feldlazarett 18 <strong>am 27. Oktober 1918<\/strong> vormittags um f\u00fcnf einviertel Uhr verstorben sei.<\/div>\n<\/blockquote>\n<p>Er war also Armierungssoldat in einem Armierungsbataillon. Wikipedia hierzu:<\/p>\n<blockquote><p><a href=\"https:\/\/de.wikipedia.org\/wiki\/Armierungs-Bataillon\"><b>Armierungs-Bataillone<\/b><\/a> waren im Ersten Weltkrieg pionier\u00e4hnliche Truppenteile des deutschen Heeres. Sie dienten in erster Linie zum Bau von Verteidigungsanlagen und Stellungen, aber auch von Stra\u00dfen und Grenzbefestigungen.<\/p><\/blockquote>\n<p>&nbsp;<\/p>\n<figure id=\"attachment_1185\" aria-describedby=\"caption-attachment-1185\" style=\"width: 300px\" class=\"wp-caption aligncenter\"><a href=\"https:\/\/de.wikipedia.org\/wiki\/Armierungs-Bataillon#\/media\/File:Armierungs-Bataillon.jpg\"><img loading=\"lazy\" decoding=\"async\" class=\"wp-image-1185 size-medium\" src=\"https:\/\/www.epischel.de\/wordpress\/wp-content\/640px-Armierungs-Bataillon-300x194.jpg\" alt=\"\" width=\"300\" height=\"194\" srcset=\"https:\/\/www.epischel.de\/wordpress\/wp-content\/640px-Armierungs-Bataillon-300x194.jpg 300w, https:\/\/www.epischel.de\/wordpress\/wp-content\/640px-Armierungs-Bataillon.jpg 640w\" sizes=\"auto, (max-width: 300px) 100vw, 300px\" \/><\/a><figcaption id=\"caption-attachment-1185\" class=\"wp-caption-text\">Unbekannt, <a href=\"https:\/\/commons.wikimedia.org\/wiki\/File:Armierungs-Bataillon.jpg\">Armierungs-Bataillon<\/a>, <a href=\"https:\/\/creativecommons.org\/licenses\/by-sa\/3.0\/legalcode\">CC BY-SA 3.0<\/a><\/figcaption><\/figure>\n<p>Ob mein Uropa einer Krankheit (z.B. der Ruhr) oder einer Kampfhandlung zum Opfer gefallen ist, kann ich nicht ermitteln.<\/p>\n<p>Durch Zufall habe ich letztens Remarques <em>Im Westen nichts Neues<\/em> in die H\u00e4nde bekommen. Nach der Lekt\u00fcre dieses sehr gut geschriebenen Buches kann ich mir die Schicksale der Ketter-Br\u00fcder besser vorstellen.<\/p>\n<div class=\"syndication-links\"><span class=\"syn-text\">Also on \/ Auch auf:<\/span><ul class=\"relsyn\"><li><a aria-label=\"x\" class=\"u-syndication syn-link\" href=\"https:\/\/twitter.com\/erikpischel\/status\/923489558599217152\"> <span class=\"syndication-link-icon svg-x\" style=\"display: inline-block; max-width: 1rem; margin: 2px;\" aria-hidden=\"true\" aria-label=\"X\" title=\"X\" ><svg role=\"img\" viewBox=\"0 0 24 24\" xmlns=\"http:\/\/www.w3.org\/2000\/svg\"><title>X<\/title><path d=\"M18.901 1.153h3.68l-8.04 9.19L24 22.846h-7.406l-5.8-7.584-6.638 7.584H.474l8.6-9.83L0 1.154h7.594l5.243 6.932ZM17.61 20.644h2.039L6.486 3.24H4.298Z\"\/><\/svg><\/span>X<\/a><\/li><li><a aria-label=\"googleplus\" class=\"u-syndication syn-link\" href=\"https:\/\/plus.google.com\/u\/0\/+ErikPischel\/posts\/JZxD1z6kxFh\"> googleplusgoogleplus<\/a><\/li><li><a aria-label=\"geraspora.de\" class=\"u-syndication syn-link\" href=\"https:\/\/pod.geraspora.de\/posts\/7047729\"> websitegeraspora.de<\/a><\/li><\/ul><\/div>","protected":false},"excerpt":{"rendered":"<p>Mein Uropa Friedrich Hermann Ketter und zwei seiner Br\u00fcder sind w\u00e4hrend des ersten Weltkrieges gestorben. Die Familiengeschichte \u00fcberliefert, dass sie im Krieg gefallen sind. Die Br\u00fcder Seine Br\u00fcder Karl Albert und Wilhelm Ketter sind in den Verlustlisten des ersten Weltkriegs zu finden. Friedrich Albert ist in der Liste vom 10. November 1917 als vermisst eingetragen.&hellip;<\/p>\n","protected":false},"author":2,"featured_media":0,"comment_status":"open","ping_status":"open","sticky":false,"template":"","format":"standard","meta":{"mf2_syndication":["https:\/\/twitter.com\/erikpischel\/status\/923489558599217152","https:\/\/plus.google.com\/u\/0\/+ErikPischel\/posts\/JZxD1z6kxFh","https:\/\/pod.geraspora.de\/posts\/7047729"],"webmentions_disabled_pings":false,"webmentions_disabled":false,"footnotes":""},"categories":[22],"tags":[70],"series":[],"class_list":["post-1175","post","type-post","status-publish","format-standard","hentry","category-ahnenforschung","tag-erster-weltkrieg","kind-article"],"kind":false,"_links":{"self":[{"href":"https:\/\/www.epischel.de\/wordpress\/wp-json\/wp\/v2\/posts\/1175","targetHints":{"allow":["GET"]}}],"collection":[{"href":"https:\/\/www.epischel.de\/wordpress\/wp-json\/wp\/v2\/posts"}],"about":[{"href":"https:\/\/www.epischel.de\/wordpress\/wp-json\/wp\/v2\/types\/post"}],"author":[{"embeddable":true,"href":"https:\/\/www.epischel.de\/wordpress\/wp-json\/wp\/v2\/users\/2"}],"replies":[{"embeddable":true,"href":"https:\/\/www.epischel.de\/wordpress\/wp-json\/wp\/v2\/comments?post=1175"}],"version-history":[{"count":8,"href":"https:\/\/www.epischel.de\/wordpress\/wp-json\/wp\/v2\/posts\/1175\/revisions"}],"predecessor-version":[{"id":1188,"href":"https:\/\/www.epischel.de\/wordpress\/wp-json\/wp\/v2\/posts\/1175\/revisions\/1188"}],"wp:attachment":[{"href":"https:\/\/www.epischel.de\/wordpress\/wp-json\/wp\/v2\/media?parent=1175"}],"wp:term":[{"taxonomy":"category","embeddable":true,"href":"https:\/\/www.epischel.de\/wordpress\/wp-json\/wp\/v2\/categories?post=1175"},{"taxonomy":"post_tag","embeddable":true,"href":"https:\/\/www.epischel.de\/wordpress\/wp-json\/wp\/v2\/tags?post=1175"},{"taxonomy":"series","embeddable":true,"href":"https:\/\/www.epischel.de\/wordpress\/wp-json\/wp\/v2\/series?post=1175"}],"curies":[{"name":"wp","href":"https:\/\/api.w.org\/{rel}","templated":true}]}}