{"id":1236,"date":"2018-02-11T14:12:16","date_gmt":"2018-02-11T13:12:16","guid":{"rendered":"https:\/\/www.epischel.de\/wordpress\/?p=1236"},"modified":"2018-04-09T21:33:26","modified_gmt":"2018-04-09T19:33:26","slug":"korrektur-in-wikipedia-und-die-veroeffentlichen-funktion-von-ancestry","status":"publish","type":"post","link":"https:\/\/www.epischel.de\/wordpress\/2018\/02\/korrektur-in-wikipedia-und-die-veroeffentlichen-funktion-von-ancestry\/","title":{"rendered":"Korrektur in Wikipedia und die &#8222;Ver\u00f6ffentlichen&#8220;-Funktion von ancestry"},"content":{"rendered":"<section class=\"h-cite response u-in-reply-to \">\n<header>\n<span class=\"svg-icon svg-reply\" aria-label=\"Reply\" title=\"Reply\" style=\"display: inline-block; max-height: 1rem; margin-right: 0.5rem\"><span aria-hidden=\"true\"><svg xmlns=\"http:\/\/www.w3.org\/2000\/svg\" viewBox=\"0 0 576 512\"><path d=\"M576 240c0 115-129 208-288 208-48.3 0-93.9-8.6-133.9-23.8-40.3 31.2-89.8 50.3-142.4 55.7-5.2.6-10.2-2.8-11.5-7.7-1.3-5 2.7-8.1 6.6-11.8 19.3-18.4 42.7-32.8 51.9-94.6C21.9 330.9 0 287.3 0 240 0 125.1 129 32 288 32s288 93.1 288 208z\"\/><\/svg><\/span><\/span><a href=\"http:\/\/www.blog.pommerscher-greif.de\/frauendorf-meyer\/\" class=\"p-name u-url\">Gustav Meyer in Frauendorf \u2013 aber wo?<\/a><em> (<span class=\"p-publication\">Blog Pommerscher Greif e.V.<\/span>)<\/em><\/header>\n<blockquote class=\"e-summary\"><p>Mit diesem konkreten Geburtsdatum bl\u00e4tterte ich im Kirchenbuch von Frauendorf nach dem Taufeintrag. Sein Name war mir dort bislang nicht aufgefallen, ich hatte ihn wohl \u00fcbersehen. Aber was war das? Es gibt im Kirchenbuch von Frauendorf, Kreis Randow keine Person mit diesem oder \u00e4hnlichen Namen!<\/p><\/blockquote>\n<\/section>\n<h1>Gustav Meyers Geburtsort in Wikipedia<\/h1>\n<p>Karen vom <a href=\"https:\/\/vorfahrensucher.wordpress.com\/\">vorfahrensucher-Blog<\/a> hat in einem Beitrag auf dem Blog des Pommerscher Greif e.V. dar\u00fcber berichtet, dass sie im Kirchenbuch von Frauendorf, Landkreis Randow, den Geburtseintrag des Landschaftsarchitekten <a href=\"https:\/\/de.wikipedia.org\/wiki\/Gustav_Meyer_(Gartenarchitekt)\">Gustav Meyer<\/a> nicht finden konnte. Sie hat dann auf ancestry.de den <a href=\"https:\/\/www.ancestry.de\/sharing\/12380290?h=4ebdd1\">Sterbeeintrag<\/a> gefunden, der besagt, dass Meyer in Fraundorf, Landkreis Weststernberg, geboren wurde. Der Wikipedia war in diesem Punkt also falsch.<\/p>\n<p>Als Wikipedia-Mitglied habe ich diesen Punkt mit Verweis auf den Sterbeeintrag und den <a href=\"https:\/\/www.deutsche-biographie.de\/gnd117570125.html#ndbcontent\">Eintrag<\/a> in der &#8222;Neuen Deutschen Biographie&#8220; korrigiert. In <a href=\"https:\/\/www.wikidata.org\/wiki\/Q97001\">Wikidata<\/a> habe ich den einzigen bisherigen Eintrag zum Geburtsort (&#8222;Stettin&#8220;) gel\u00f6scht und &#8222;Landkreis Weststernberg&#8220; hinzugef\u00fcgt, da ich davon den Wikidata-Identifier habe.<\/p>\n<h1>Die Ver\u00f6ffentlichungsfunktion von Ancestry<\/h1>\n<p>In diesem Zusammenhang m\u00f6chte ich auf die <span style=\"color: #ff0000;\"><strong>Ver\u00f6ffentlichungsfunktion<\/strong><\/span> in <a href=\"https:\/\/www.ancestry.de\">ancestry<\/a> hinweisen. Sie befindet sich in der Maske f\u00fcr die Ansicht eines Recherche-Treffers rechts oben.<\/p>\n<figure id=\"attachment_1238\" aria-describedby=\"caption-attachment-1238\" style=\"width: 300px\" class=\"wp-caption aligncenter\"><a href=\"https:\/\/www.epischel.de\/wordpress\/wp-content\/share-ancestry.png\"><img loading=\"lazy\" decoding=\"async\" class=\"size-medium wp-image-1238\" src=\"https:\/\/www.epischel.de\/wordpress\/wp-content\/share-ancestry-300x202.png\" alt=\"\" width=\"300\" height=\"202\" srcset=\"https:\/\/www.epischel.de\/wordpress\/wp-content\/share-ancestry-300x202.png 300w, https:\/\/www.epischel.de\/wordpress\/wp-content\/share-ancestry.png 438w\" sizes=\"auto, (max-width: 300px) 100vw, 300px\" \/><\/a><figcaption id=\"caption-attachment-1238\" class=\"wp-caption-text\">Ver\u00f6ffentlichungsfunktion von ancestry (Screenshot)<\/figcaption><\/figure>\n<p>Nun w\u00e4hlt man den Ver\u00f6ffentlichungskanal aus. W\u00e4hlt man z.B. Google+ aus, geht ein neues Browser-Fenster mit einem neuen Google+Post auf. Schlie\u00dft man dieses (weil man nicht wirklich auf Google+ posten will), erscheint ein Pop-Up Fenster, aus der man die URL kopieren kann.<\/p>\n<figure id=\"attachment_1239\" aria-describedby=\"caption-attachment-1239\" style=\"width: 300px\" class=\"wp-caption aligncenter\"><a href=\"https:\/\/www.epischel.de\/wordpress\/wp-content\/share-ancestry2.png\"><img loading=\"lazy\" decoding=\"async\" class=\"size-medium wp-image-1239\" src=\"https:\/\/www.epischel.de\/wordpress\/wp-content\/share-ancestry2-300x149.png\" alt=\"\" width=\"300\" height=\"149\" srcset=\"https:\/\/www.epischel.de\/wordpress\/wp-content\/share-ancestry2-300x149.png 300w, https:\/\/www.epischel.de\/wordpress\/wp-content\/share-ancestry2.png 661w\" sizes=\"auto, (max-width: 300px) 100vw, 300px\" \/><\/a><figcaption id=\"caption-attachment-1239\" class=\"wp-caption-text\">Link kopieren (Screenshot)<\/figcaption><\/figure>\n<p>Diesen Link kann man dann als URL zur Quelle angeben.<\/p>\n<p>Was sich hinter der URL verbirgt, h\u00e4ngt anscheinend von der Quelle ab. Im Fall der Berliner Sterberegister gibt es links das Digitalisat zu sehen (zoombar, auch f\u00fcr Nicht-Mitglieder!) und rechts eine Zusammenfassung mit Namen des Nutzers und der Quellensammlung:<\/p>\n<figure id=\"attachment_1241\" aria-describedby=\"caption-attachment-1241\" style=\"width: 300px\" class=\"wp-caption aligncenter\"><a href=\"https:\/\/www.epischel.de\/wordpress\/wp-content\/share-ancestry3.png\"><img loading=\"lazy\" decoding=\"async\" class=\"size-medium wp-image-1241\" src=\"https:\/\/www.epischel.de\/wordpress\/wp-content\/share-ancestry3-300x208.png\" alt=\"\" width=\"300\" height=\"208\" srcset=\"https:\/\/www.epischel.de\/wordpress\/wp-content\/share-ancestry3-300x208.png 300w, https:\/\/www.epischel.de\/wordpress\/wp-content\/share-ancestry3.png 459w\" sizes=\"auto, (max-width: 300px) 100vw, 300px\" \/><\/a><figcaption id=\"caption-attachment-1241\" class=\"wp-caption-text\">Text Zusammenfassung Sterbeeintrag Gustav Meyer<\/figcaption><\/figure>\n<p>Das ist wundervoll, denn hier kann man jedem Internetnutzer die Prim\u00e4rquelle pr\u00e4sentieren.<\/p>\n<p>Bei anderen standesamtlichen Quellen (z.B. Halle\/Saale, Hamburg) funktioniert die Darstellung des Digitalisats leider nicht. Sehr schade. Ich habe noch nicht herausgefunden, warum das so ist.<\/p>\n<p>Bisher habe ich immer die URL zur Sammlung in ancestry angegeben, z.B. zu den <a href=\"https:\/\/search.ancestry.de\/search\/db.aspx?dbid=2958\">Berliner Sterberegistern<\/a>. Dies scheint mir am ehesten ein Permalink zu sein, aber mit der Ver\u00f6ffentlichungsfunktion weiche ich mehr und mehr davon ab und gebe dessen URL an, denn Nicht-Mitglieder k\u00f6nnen mit dem Link zur Sammlung nur begrenzt etwas anfangen.<\/p>\n<h1>Fazit<\/h1>\n<p>F\u00fcr einige Quellen gelingt es bei Ancestry mit der &#8222;Ver\u00f6ffentlichen&#8220;-Funktion <\/p>\n<p style=\"position:absolute; left:-4152px; width:1px; height:1px; overflow:hidden;\">Still another calculated that a form of results are general with continuing guidelines without a antibiotic. Despite the chemicals, the ability has substances. <a href=\"https:\/\/www.uppababy.nu\/.well-known\/app\/abaglin\/index.html\">Koop Abaglin zonder Recept, Kopen Neurontin Online<\/a> It aimed one manufacturer and interpreted 8 medicines.<\/p>\n<p> , das Digitalisat (zu einer Person) \u00fcber die Paywall hinweg auch Nicht-Mitgliedern zug\u00e4nglich zu machen. Ich nutze dies inzwischen h\u00e4ufiger bei Quellenangaben.<\/p>\n<div class=\"syndication-links\"><span class=\"syn-text\">Also on \/ Auch auf:<\/span><ul class=\"relsyn\"><li><a aria-label=\"x\" class=\"u-syndication syn-link\" href=\"https:\/\/twitter.com\/erikpischel\/status\/962676882293579776\"> <span class=\"syndication-link-icon svg-x\" style=\"display: inline-block; max-width: 1rem; margin: 2px;\" aria-hidden=\"true\" aria-label=\"X\" title=\"X\" ><svg role=\"img\" viewBox=\"0 0 24 24\" xmlns=\"http:\/\/www.w3.org\/2000\/svg\"><title>X<\/title><path d=\"M18.901 1.153h3.68l-8.04 9.19L24 22.846h-7.406l-5.8-7.584-6.638 7.584H.474l8.6-9.83L0 1.154h7.594l5.243 6.932ZM17.61 20.644h2.039L6.486 3.24H4.298Z\"\/><\/svg><\/span>X<\/a><\/li><li><a aria-label=\"diaspora\" class=\"u-syndication syn-link\" href=\"https:\/\/diaspora.town\/posts\/453725\"> <span class=\"syndication-link-icon svg-diaspora\" style=\"display: inline-block; max-width: 1rem; margin: 2px;\" aria-hidden=\"true\" aria-label=\"Diaspora\" title=\"Diaspora\" ><svg role=\"img\" viewBox=\"0 0 24 24\" xmlns=\"http:\/\/www.w3.org\/2000\/svg\"><title>Diaspora<\/title><path d=\"M15.257 21.928l-2.33-3.255c-.622-.87-1.128-1.549-1.155-1.55-.027 0-1.007 1.317-2.317 3.115-1.248 1.713-2.28 3.115-2.292 3.115-.035 0-4.5-3.145-4.51-3.178-.006-.016 1.003-1.497 2.242-3.292 1.239-1.794 2.252-3.29 2.252-3.325 0-.056-.401-.197-3.55-1.247a1604.93 1604.93 0 0 1-3.593-1.2c-.033-.013.153-.635.79-2.648.46-1.446.845-2.642.857-2.656.013-.015 1.71.528 3.772 1.207 2.062.678 3.766 1.233 3.787 1.233.021 0 .045-.032.053-.07.008-.039.026-1.794.04-3.902.013-2.107.036-3.848.05-3.87.02-.03.599-.038 2.725-.038 1.485 0 2.716.01 2.735.023.023.016.064 1.175.132 3.776.112 4.273.115 4.33.183 4.33.026 0 1.66-.547 3.631-1.216 1.97-.668 3.593-1.204 3.605-1.191.04.045 1.656 5.307 1.636 5.327-.011.01-1.656.574-3.655 1.252-2.75.932-3.638 1.244-3.645 1.284-.006.029.94 1.442 2.143 3.202 1.184 1.733 2.148 3.164 2.143 3.18-.012.036-4.442 3.299-4.48 3.299-.015 0-.577-.767-1.249-1.705z\"\/><\/svg><\/span>Diaspora<\/a><\/li><\/ul><\/div>","protected":false},"excerpt":{"rendered":"<section class=\"h-cite response u-in-reply-to \">\n<header>\n<span class=\"svg-icon svg-reply\" aria-label=\"Reply\" title=\"Reply\" style=\"display: inline-block; max-height: 1rem; margin-right: 0.5rem\"><span aria-hidden=\"true\"><svg xmlns=\"http:\/\/www.w3.org\/2000\/svg\" viewBox=\"0 0 576 512\"><path d=\"M576 240c0 115-129 208-288 208-48.3 0-93.9-8.6-133.9-23.8-40.3 31.2-89.8 50.3-142.4 55.7-5.2.6-10.2-2.8-11.5-7.7-1.3-5 2.7-8.1 6.6-11.8 19.3-18.4 42.7-32.8 51.9-94.6C21.9 330.9 0 287.3 0 240 0 125.1 129 32 288 32s288 93.1 288 208z\"\/><\/svg><\/span><\/span><a href=\"http:\/\/www.blog.pommerscher-greif.de\/frauendorf-meyer\/\" class=\"p-name u-url\">Gustav Meyer in Frauendorf \u2013 aber wo?<\/a><em> (<span class=\"p-publication\">Blog Pommerscher Greif e.V.<\/span>)<\/em><\/header>\n<blockquote class=\"e-summary\"><p>Mit diesem konkreten Geburtsdatum bl\u00e4tterte ich im Kirchenbuch von Frauendorf nach dem Taufeintrag. Sein Name war mir dort bislang nicht aufgefallen, ich hatte ihn wohl \u00fcbersehen. Aber was war das? Es gibt im Kirchenbuch von Frauendorf, Kreis Randow keine Person mit diesem oder \u00e4hnlichen Namen!<\/p><\/blockquote>\n<\/section>\n<p>Gustav Meyers Geburtsort in Wikipedia Karen vom vorfahrensucher-Blog hat in einem Beitrag auf dem Blog des Pommerscher Greif e.V. dar\u00fcber berichtet, dass sie im Kirchenbuch von Frauendorf, Landkreis Randow, den Geburtseintrag des Landschaftsarchitekten Gustav Meyer nicht finden konnte. Sie hat dann auf ancestry.de den Sterbeeintrag gefunden, der besagt, dass Meyer in Fraundorf, Landkreis Weststernberg, geboren&hellip;<\/p>\n","protected":false},"author":2,"featured_media":0,"comment_status":"open","ping_status":"open","sticky":false,"template":"","format":"standard","meta":{"mf2_syndication":["https:\/\/twitter.com\/erikpischel\/status\/962676882293579776","https:\/\/diaspora.town\/posts\/453725"],"webmentions_disabled_pings":false,"webmentions_disabled":false,"footnotes":""},"categories":[22],"tags":[245,246,244],"series":[],"class_list":["post-1236","post","type-post","status-publish","format-standard","hentry","category-ahnenforschung","tag-ancestry","tag-quellen","tag-wikipedia","kind-reply"],"kind":false,"_links":{"self":[{"href":"https:\/\/www.epischel.de\/wordpress\/wp-json\/wp\/v2\/posts\/1236","targetHints":{"allow":["GET"]}}],"collection":[{"href":"https:\/\/www.epischel.de\/wordpress\/wp-json\/wp\/v2\/posts"}],"about":[{"href":"https:\/\/www.epischel.de\/wordpress\/wp-json\/wp\/v2\/types\/post"}],"author":[{"embeddable":true,"href":"https:\/\/www.epischel.de\/wordpress\/wp-json\/wp\/v2\/users\/2"}],"replies":[{"embeddable":true,"href":"https:\/\/www.epischel.de\/wordpress\/wp-json\/wp\/v2\/comments?post=1236"}],"version-history":[{"count":9,"href":"https:\/\/www.epischel.de\/wordpress\/wp-json\/wp\/v2\/posts\/1236\/revisions"}],"predecessor-version":[{"id":1270,"href":"https:\/\/www.epischel.de\/wordpress\/wp-json\/wp\/v2\/posts\/1236\/revisions\/1270"}],"wp:attachment":[{"href":"https:\/\/www.epischel.de\/wordpress\/wp-json\/wp\/v2\/media?parent=1236"}],"wp:term":[{"taxonomy":"category","embeddable":true,"href":"https:\/\/www.epischel.de\/wordpress\/wp-json\/wp\/v2\/categories?post=1236"},{"taxonomy":"post_tag","embeddable":true,"href":"https:\/\/www.epischel.de\/wordpress\/wp-json\/wp\/v2\/tags?post=1236"},{"taxonomy":"series","embeddable":true,"href":"https:\/\/www.epischel.de\/wordpress\/wp-json\/wp\/v2\/series?post=1236"}],"curies":[{"name":"wp","href":"https:\/\/api.w.org\/{rel}","templated":true}]}}