{"id":13,"date":"2005-08-10T17:39:45","date_gmt":"2005-08-10T16:39:45","guid":{"rendered":"http:\/\/www.epischel.de\/wordpress\/?p=13"},"modified":"2009-10-21T21:45:01","modified_gmt":"2009-10-21T20:45:01","slug":"ohne-krankenversicherung","status":"publish","type":"post","link":"https:\/\/www.epischel.de\/wordpress\/2005\/08\/ohne-krankenversicherung\/","title":{"rendered":"Ohne Krankenversicherung"},"content":{"rendered":"<p>Einen interessanten <a href=\"http:\/\/www.zeit.de\">ZEIT<\/a>&#8211;<a href=\"http:\/\/www.zeit.de\/2005\/31\/Krankenkassen\">Artikel<\/a> (Ausgabe 31\/2005) entnehme ich, wie man in Deutschland seinen Krankenversicherungsschutz verlieren kann. Sch\u00e4tzungen gehen von 250.000 bis 300.00 Deutschen aus, die nicht krankenversichert sind.<\/p>\n<p>Wenn man privat krankenversichert ist und Zahlungsprobleme bzgl. seiner Versicherung hat, kann man seinen Versicherungsschutz verlieren und Gefahr laufen, sich weder privat noch gesetzlich versichern  zu k\u00f6nnen. Von der privaten in die gesetzliche Krankenversicherung zu wechseln ist schwer.<\/p>\n<p>Wer Unternehmer in einer <a href=\"http:\/\/de.wikipedia.org\/wiki\/Ich-AG\">Ich-AG<\/a> ist, muss um die 160 Euro Mindestbeitrag zahlen, wobei aus dem Artikel nicht hervorgeht, ob es sich dabei um eine gesetzliche oder private Kasse handelt. Vermutlich um eine gesetzliche. Sodann vergleicht der Autor den Beitragssatz der gesetzlichen Kassen von 14% mit einem Satz von<\/p>\n<blockquote><p>\n[&#8230;] 40 bis 50 Prozent dessen [&#8230;], was der Selbstst\u00e4ndige nach Abzug seiner Betriebskosten und der gesetzlich vorgeschriebenen Rentenbeitr\u00e4ge \u00fcbrig habe.\n<\/p><\/blockquote>\n<p>Ich finde, da werden \u00c4pfel mit Birnen verglichen: was ist denn das Gehalt eines Ich-AG-Unternehmers? Einnahmen minus Ausgaben? Dann sollten die Rentenbeitr\u00e4ge nicht dazuz\u00e4hlen, denn die muss ein Angestellter auch zahlen.<\/p>\n<p>Einen festen Beitragssatz hatte ich als Student \u00fcbrigens auch, als ich nicht mehr familienversichert war.<\/p>\n<p><!--adsense--><\/p>\n<p>Eine gewisse Ungerechtigkeit gibt es bei Hartz IV: wenn der Antrag abgelehnt wird, weil der Partner zuviel verdient. Dann muss sich der Antragsteller selbst versichern. Obwohl bei der Einkommensanrechnung verheiratete und unverheiratete Antragsteller gleich behandelt werden, k\u00f6nnen sich verheiratete Antragsteller kostenlos beim Partner familienversichern. Das geht bei unverheirateten nicht &#8211; sie (besser: der Partner) m\u00fcssen zahlen.<\/p>\n<p>Auch <a href=\"http:\/\/de.wikipedia.org\/wiki\/Mini-Job\">Minijobs<\/a> sind ein Risiko wie ein im Artikel aufgef\u00fchrter Fall zeigt.<br \/>\nEine Frau ist jahrzehntelang pflichtversichert, wechselt dann aber zu Minijobs, wird arbeitslos und geht schlie\u00dflich in Rente. Dort hat sie keinerlei Versicherungsschutz, weil sie direkt vor der Rente nicht lange genug in einer gesetzlichen Krankenkasse war. Wobei ich mich frage, an wen denn die Beitr\u00e4ge bei den Minijobs gezahlt wurden.<\/p>\n<blockquote><p>\nNicht einmal freiwillig versichern kann sie sich mehr. \u00bbIch bin weg vom Fenster\u00ab, sagt sie nach einem Besuch bei der Verbraucherzentrale, wo man ihr nicht weiterhelfen konnte.\n<\/p><\/blockquote>\n<p>Was bedeutet das? Darf sie jeden Arztbesuch und jeden Krankenhaus-Aufenthalt selbst bezahlen? Wenn ja, dann wird sie wohl fr\u00fcher oder sp\u00e4ter in der Sozialhilfe landen. Und dann zahlt die Sozialkasse die Krankenversicherung.<\/p>\n<p><strong>Update 2009<\/strong>: Inzwischen gibt es den Basistarif der privaten Krankenkassen, der es erm\u00f6glicht, ohne Gesundheitspr\u00fcfung krankenversichert zu werden. Deren Beitragssatz scheint jedoch sehr hoch zu sein und <a href=\"http:\/\/www.vorsorge-und-finanzen.de\/Ratgeber-Krankenversicherung\/090608-PKV-Der-Basistarif-vor-dem-Bundesverfassungsgericht.html\">wird daher kaum genutzt<\/a>.<\/p>\n<div class=\"syndication-links\"><\/div>","protected":false},"excerpt":{"rendered":"<p>Einen interessanten ZEIT-Artikel (Ausgabe 31\/2005) entnehme ich, wie man in Deutschland seinen Krankenversicherungsschutz verlieren kann. Sch\u00e4tzungen gehen von 250.000 bis 300.00 Deutschen aus, die nicht krankenversichert sind. Wenn man privat krankenversichert ist und Zahlungsprobleme bzgl. seiner Versicherung hat, kann man seinen Versicherungsschutz verlieren und Gefahr laufen, sich weder privat noch gesetzlich versichern zu k\u00f6nnen. Von&hellip;<\/p>\n","protected":false},"author":2,"featured_media":0,"comment_status":"open","ping_status":"open","sticky":false,"template":"","format":"standard","meta":{"mf2_syndication":[],"webmentions_disabled_pings":false,"webmentions_disabled":false,"footnotes":""},"categories":[4],"tags":[19],"series":[],"class_list":["post-13","post","type-post","status-publish","format-standard","hentry","category-medien","tag-politik","kind-"],"kind":false,"_links":{"self":[{"href":"https:\/\/www.epischel.de\/wordpress\/wp-json\/wp\/v2\/posts\/13","targetHints":{"allow":["GET"]}}],"collection":[{"href":"https:\/\/www.epischel.de\/wordpress\/wp-json\/wp\/v2\/posts"}],"about":[{"href":"https:\/\/www.epischel.de\/wordpress\/wp-json\/wp\/v2\/types\/post"}],"author":[{"embeddable":true,"href":"https:\/\/www.epischel.de\/wordpress\/wp-json\/wp\/v2\/users\/2"}],"replies":[{"embeddable":true,"href":"https:\/\/www.epischel.de\/wordpress\/wp-json\/wp\/v2\/comments?post=13"}],"version-history":[{"count":3,"href":"https:\/\/www.epischel.de\/wordpress\/wp-json\/wp\/v2\/posts\/13\/revisions"}],"predecessor-version":[{"id":170,"href":"https:\/\/www.epischel.de\/wordpress\/wp-json\/wp\/v2\/posts\/13\/revisions\/170"}],"wp:attachment":[{"href":"https:\/\/www.epischel.de\/wordpress\/wp-json\/wp\/v2\/media?parent=13"}],"wp:term":[{"taxonomy":"category","embeddable":true,"href":"https:\/\/www.epischel.de\/wordpress\/wp-json\/wp\/v2\/categories?post=13"},{"taxonomy":"post_tag","embeddable":true,"href":"https:\/\/www.epischel.de\/wordpress\/wp-json\/wp\/v2\/tags?post=13"},{"taxonomy":"series","embeddable":true,"href":"https:\/\/www.epischel.de\/wordpress\/wp-json\/wp\/v2\/series?post=13"}],"curies":[{"name":"wp","href":"https:\/\/api.w.org\/{rel}","templated":true}]}}