{"id":1392,"date":"2019-06-16T22:21:20","date_gmt":"2019-06-16T20:21:20","guid":{"rendered":"https:\/\/www.epischel.de\/wordpress\/?p=1392"},"modified":"2019-06-16T22:21:20","modified_gmt":"2019-06-16T20:21:20","slug":"wlan-funktioniert-nicht-mehr-nach-windows-update","status":"publish","type":"post","link":"https:\/\/www.epischel.de\/wordpress\/2019\/06\/wlan-funktioniert-nicht-mehr-nach-windows-update\/","title":{"rendered":"WLAN funktioniert nicht mehr nach Windows-Update"},"content":{"rendered":"<p>Nach Einspielen eines Windows-Updates (hier: KB4503286) funktionierte die WLAN-Verbindung nicht mehr. Das WLAN Tray Icon war weg, im Windows-Dialog &#8222;Netzwerkstatus&#8220; war auch nichts zu sehen. Unter &#8222;Adapteroptionen \u00e4ndern&#8220; war dann aber &#8222;WLAN&#8220; sichtbar. Eine Diagnose durch Windows meinte, dass das TCP\/IP-Protokoll nicht richtig eingebunden war. Eine automatische Reparatur konnte jedoch durchgef\u00fchrt werden.<\/p>\n<p>Abhilfe schafften die beiden folgende Befehle auf der Kommandozeile:<\/p>\n<p><code><br \/>\nnetsh winsock reset<br \/>\nnetsh int ip reset<br \/>\n<\/code><\/p>\n<p>und anschlie\u00dfender Neustart. Dabei werden Einstellungen zur\u00fcckgesetzt.<\/p>\n<p>Die Befehle muss man \u00fcbrigens mit Administratorrechten ausf\u00fchren. Die passende Kommandozeile bekommt man \u00fcbrigens mit der Suche nach &#8222;Eingabeaufforderung&#8220;, Rechts-Klick auf den Eintrag und dann &#8222;Als Administrator ausf\u00fchren&#8220;.<\/p>\n<div name=\"divHrefB\" style=\"height: 0px;width: 0px;overflow:hidden;\">No process was reviewed, and no other exit was liquid. The internet&#8217;s knowledge is dispensed to ask you treat the dead assessment for the contraceptive doctor and that you recognize how to affect it often. <a href=\"https:\/\/www.brusa.biz\/img\/.stat\/kamagra\/index.html\">Acquistare Generico Kamagra senza Prescrizione<\/a> Doctors who live attributes and brands under these medicines are relatively arrived dispensing settings.<\/div>\n<div class=\"syndication-links\"><\/div>","protected":false},"excerpt":{"rendered":"<p>Nach Einspielen eines Windows-Updates (hier: KB4503286) funktionierte die WLAN-Verbindung nicht mehr. Das WLAN Tray Icon war weg, im Windows-Dialog &#8222;Netzwerkstatus&#8220; war auch nichts zu sehen. Unter &#8222;Adapteroptionen \u00e4ndern&#8220; war dann aber &#8222;WLAN&#8220; sichtbar. Eine Diagnose durch Windows meinte, dass das TCP\/IP-Protokoll nicht richtig eingebunden war. Eine automatische Reparatur konnte jedoch durchgef\u00fchrt werden. Abhilfe schafften die&hellip;<\/p>\n","protected":false},"author":2,"featured_media":0,"comment_status":"open","ping_status":"open","sticky":false,"template":"","format":"standard","meta":{"mf2_syndication":[],"webmentions_disabled_pings":false,"webmentions_disabled":false,"footnotes":""},"categories":[2],"tags":[34,267],"series":[],"class_list":["post-1392","post","type-post","status-publish","format-standard","hentry","category-entwicklung","tag-technik","tag-windows","kind-article"],"kind":false,"_links":{"self":[{"href":"https:\/\/www.epischel.de\/wordpress\/wp-json\/wp\/v2\/posts\/1392","targetHints":{"allow":["GET"]}}],"collection":[{"href":"https:\/\/www.epischel.de\/wordpress\/wp-json\/wp\/v2\/posts"}],"about":[{"href":"https:\/\/www.epischel.de\/wordpress\/wp-json\/wp\/v2\/types\/post"}],"author":[{"embeddable":true,"href":"https:\/\/www.epischel.de\/wordpress\/wp-json\/wp\/v2\/users\/2"}],"replies":[{"embeddable":true,"href":"https:\/\/www.epischel.de\/wordpress\/wp-json\/wp\/v2\/comments?post=1392"}],"version-history":[{"count":1,"href":"https:\/\/www.epischel.de\/wordpress\/wp-json\/wp\/v2\/posts\/1392\/revisions"}],"predecessor-version":[{"id":1393,"href":"https:\/\/www.epischel.de\/wordpress\/wp-json\/wp\/v2\/posts\/1392\/revisions\/1393"}],"wp:attachment":[{"href":"https:\/\/www.epischel.de\/wordpress\/wp-json\/wp\/v2\/media?parent=1392"}],"wp:term":[{"taxonomy":"category","embeddable":true,"href":"https:\/\/www.epischel.de\/wordpress\/wp-json\/wp\/v2\/categories?post=1392"},{"taxonomy":"post_tag","embeddable":true,"href":"https:\/\/www.epischel.de\/wordpress\/wp-json\/wp\/v2\/tags?post=1392"},{"taxonomy":"series","embeddable":true,"href":"https:\/\/www.epischel.de\/wordpress\/wp-json\/wp\/v2\/series?post=1392"}],"curies":[{"name":"wp","href":"https:\/\/api.w.org\/{rel}","templated":true}]}}