{"id":14,"date":"2005-08-17T21:57:02","date_gmt":"2005-08-17T20:57:02","guid":{"rendered":"http:\/\/www.epischel.de\/wordpress\/?p=14"},"modified":"2009-10-21T21:36:32","modified_gmt":"2009-10-21T20:36:32","slug":"bmi-body-mass-index-fur-kinder-und-jugendliche","status":"publish","type":"post","link":"https:\/\/www.epischel.de\/wordpress\/2005\/08\/bmi-body-mass-index-fur-kinder-und-jugendliche\/","title":{"rendered":"BMI &#8211; Body-Mass-Index f\u00fcr Kinder und Jugendliche"},"content":{"rendered":"<p>Der Service <a href=\"http:\/\/www.mybmi.de\/main.php\">myBMI<\/a> bietet die Bestimmung des Body-Mass-Index und unterst\u00fctzt bei Beurteilung des Ergebnisses f\u00fcr Kinder und Jugendliche, indem das <a href=\"http:\/\/de.wikipedia.org\/wiki\/Perzentil\">Perzentil<\/a> monatsgenau berechnet wird. Ein Perzentil von 25% bedeutet, dass 25% der deutschen Kinder den gleichen oder einen kleineren BMI haben &#8211; abh\u00e4ngig vom Alter. Das Perzentil wird auch f\u00fcr K\u00f6rpergr\u00f6\u00dfe und Gewicht einzeln berechnet. Die Ergebnisse werden als Tabelle und als Grafik dargestellt.<\/p>\n<p>Man kann die Messungen auch speichern und so die Enwicklung des Kindes verfolgen. Ein toller Webdienst!<\/p>\n<div class=\"syndication-links\"><\/div>","protected":false},"excerpt":{"rendered":"<p>Der Service myBMI bietet die Bestimmung des Body-Mass-Index und unterst\u00fctzt bei Beurteilung des Ergebnisses f\u00fcr Kinder und Jugendliche, indem das Perzentil monatsgenau berechnet wird. Ein Perzentil von 25% bedeutet, dass 25% der deutschen Kinder den gleichen oder einen kleineren BMI haben &#8211; abh\u00e4ngig vom Alter. Das Perzentil wird auch f\u00fcr K\u00f6rpergr\u00f6\u00dfe und Gewicht einzeln berechnet.&hellip;<\/p>\n","protected":false},"author":2,"featured_media":0,"comment_status":"open","ping_status":"open","sticky":false,"template":"","format":"standard","meta":{"mf2_syndication":[],"webmentions_disabled_pings":false,"webmentions_disabled":false,"footnotes":""},"categories":[6],"tags":[18],"series":[],"class_list":["post-14","post","type-post","status-publish","format-standard","hentry","category-familie","tag-kinder","kind-"],"kind":false,"_links":{"self":[{"href":"https:\/\/www.epischel.de\/wordpress\/wp-json\/wp\/v2\/posts\/14","targetHints":{"allow":["GET"]}}],"collection":[{"href":"https:\/\/www.epischel.de\/wordpress\/wp-json\/wp\/v2\/posts"}],"about":[{"href":"https:\/\/www.epischel.de\/wordpress\/wp-json\/wp\/v2\/types\/post"}],"author":[{"embeddable":true,"href":"https:\/\/www.epischel.de\/wordpress\/wp-json\/wp\/v2\/users\/2"}],"replies":[{"embeddable":true,"href":"https:\/\/www.epischel.de\/wordpress\/wp-json\/wp\/v2\/comments?post=14"}],"version-history":[{"count":2,"href":"https:\/\/www.epischel.de\/wordpress\/wp-json\/wp\/v2\/posts\/14\/revisions"}],"predecessor-version":[{"id":163,"href":"https:\/\/www.epischel.de\/wordpress\/wp-json\/wp\/v2\/posts\/14\/revisions\/163"}],"wp:attachment":[{"href":"https:\/\/www.epischel.de\/wordpress\/wp-json\/wp\/v2\/media?parent=14"}],"wp:term":[{"taxonomy":"category","embeddable":true,"href":"https:\/\/www.epischel.de\/wordpress\/wp-json\/wp\/v2\/categories?post=14"},{"taxonomy":"post_tag","embeddable":true,"href":"https:\/\/www.epischel.de\/wordpress\/wp-json\/wp\/v2\/tags?post=14"},{"taxonomy":"series","embeddable":true,"href":"https:\/\/www.epischel.de\/wordpress\/wp-json\/wp\/v2\/series?post=14"}],"curies":[{"name":"wp","href":"https:\/\/api.w.org\/{rel}","templated":true}]}}