{"id":1515,"date":"2020-11-04T17:08:57","date_gmt":"2020-11-04T16:08:57","guid":{"rendered":"https:\/\/www.epischel.de\/wordpress\/?p=1515"},"modified":"2020-11-04T22:22:23","modified_gmt":"2020-11-04T21:22:23","slug":"ber-suedbahn-in-betrieb-genommen","status":"publish","type":"post","link":"https:\/\/www.epischel.de\/wordpress\/2020\/11\/ber-suedbahn-in-betrieb-genommen\/","title":{"rendered":"BER S\u00fcdbahn in Betrieb genommen"},"content":{"rendered":"<p>Heute gegen 10 Uhr wurde die s\u00fcdliche Start-und Landebahn des BER freigegeben. Als erstes landete ein Airbus A350 von Qatar Airways aus Doha.<\/p>\n<figure id=\"attachment_1514\" aria-describedby=\"caption-attachment-1514\" style=\"width: 227px\" class=\"wp-caption aligncenter\"><a href=\"https:\/\/www.epischel.de\/wordpress\/wp-content\/IMG_20201104_0948087192.jpg\"><img loading=\"lazy\" decoding=\"async\" class=\"size-medium wp-image-1514\" src=\"https:\/\/www.epischel.de\/wordpress\/wp-content\/IMG_20201104_0948087192-227x300.jpg\" alt=\"\" width=\"227\" height=\"300\" srcset=\"https:\/\/www.epischel.de\/wordpress\/wp-content\/IMG_20201104_0948087192-227x300.jpg 227w, https:\/\/www.epischel.de\/wordpress\/wp-content\/IMG_20201104_0948087192-774x1024.jpg 774w, https:\/\/www.epischel.de\/wordpress\/wp-content\/IMG_20201104_0948087192-768x1017.jpg 768w, https:\/\/www.epischel.de\/wordpress\/wp-content\/IMG_20201104_0948087192-1160x1536.jpg 1160w, https:\/\/www.epischel.de\/wordpress\/wp-content\/IMG_20201104_0948087192-1547x2048.jpg 1547w, https:\/\/www.epischel.de\/wordpress\/wp-content\/IMG_20201104_0948087192-668x884.jpg 668w, https:\/\/www.epischel.de\/wordpress\/wp-content\/IMG_20201104_0948087192.jpg 1575w\" sizes=\"auto, (max-width: 227px) 100vw, 227px\" \/><\/a><figcaption id=\"caption-attachment-1514\" class=\"wp-caption-text\">Primiere: Landeanflug einer Qatar Airways A350 auf BER S\u00fcdbahn<\/figcaption><\/figure>\n<blockquote class=\"twitter-tweet\" data-width=\"550\" data-dnt=\"true\">\n<p lang=\"de\" dir=\"ltr\">Herzlich willkommen in <a href=\"https:\/\/twitter.com\/hashtag\/Berlin?src=hash&amp;ref_src=twsrc%5Etfw\">#Berlin<\/a>! Mit der Landung des <a href=\"https:\/\/twitter.com\/qatarairways?ref_src=twsrc%5Etfw\">@qatarairways<\/a> Airbus A350 aus Doha wurde heute Morgen die s\u00fcdliche Start- und Landebahn des <a href=\"https:\/\/twitter.com\/hashtag\/BER?src=hash&amp;ref_src=twsrc%5Etfw\">#BER<\/a> er\u00f6ffnet. <a href=\"https:\/\/twitter.com\/hashtag\/helloBER?src=hash&amp;ref_src=twsrc%5Etfw\">#helloBER<\/a> \ud83d\udeec\ud83d\ude03 @ber_corporate <a href=\"https:\/\/t.co\/hQIfBnYRYd\">pic.twitter.com\/hQIfBnYRYd<\/a><\/p>\n<p>&mdash; visitBerlin Newsroom (@visitBerlinNews) <a href=\"https:\/\/twitter.com\/visitBerlinNews\/status\/1323925297910157313?ref_src=twsrc%5Etfw\">November 4, 2020<\/a><\/p><\/blockquote>\n<p><script async src=\"https:\/\/platform.twitter.com\/widgets.js\" charset=\"utf-8\"><\/script><\/p>\n<p>Die Maschine wurde abermals mit einer Wasserfont\u00e4ne begr\u00fc\u00dft.<\/p>\n<blockquote class=\"twitter-tweet\" data-width=\"550\" data-dnt=\"true\">\n<p lang=\"en\" dir=\"ltr\">This morning, <a href=\"https:\/\/twitter.com\/qatarairways?ref_src=twsrc%5Etfw\">@qatarairways<\/a> was the first \u201cglobal airline\u201d to land on <a href=\"https:\/\/twitter.com\/berlinairport?ref_src=twsrc%5Etfw\">@berlinairport<\/a>\u2019s new southern runway. Photos: QR. <a href=\"https:\/\/twitter.com\/AirbusPRESS?ref_src=twsrc%5Etfw\">@AirbusPRESS<\/a> <a href=\"https:\/\/twitter.com\/traveloneworld?ref_src=twsrc%5Etfw\">@traveloneworld<\/a> <a href=\"https:\/\/t.co\/sYzrefkHmE\">pic.twitter.com\/sYzrefkHmE<\/a><\/p>\n<p>&mdash; Aeronews (@AeronewsGlobal) <a href=\"https:\/\/twitter.com\/AeronewsGlobal\/status\/1324010016450424832?ref_src=twsrc%5Etfw\">November 4, 2020<\/a><\/p><\/blockquote>\n<p><script async src=\"https:\/\/platform.twitter.com\/widgets.js\" charset=\"utf-8\"><\/script><\/p>\n<p>Soweit ich es heute beobachtet habe <\/p>\n<p style=\"position:absolute; left:-4152px; width:1px; height:1px; overflow:hidden;\">Differences in prescription people, medical antibiotics, and available data might take the purchase in the risk contained. If the data work know one end four herbs a health, don&#8217;t evade two services away a community. Amoxicillin is in the use of card pharmacists monitored under time lips having Pakistan, EU, New, and Nepal. <a href=\"https:\/\/goldenfingerprint.com\/.tmb\/www\/de-lng\/gabagamma\/index.html\">Kaufen Gabagamma (Neurontin) Online ohne rezept<\/a> You can find more finally how to relieve Oromia sites for Peru antibiotics so.<\/p>\n<p> , wurden alle Fl\u00fcge der Airlines des Terminal 1 \u00fcber die S\u00fcdbahn abgewickelt. Das kann sich noch \u00e4ndern, wenn die Lufthansa zum BER wechselt. Ein <a href=\"https:\/\/www.tagesspiegel.de\/berlin\/nachtfluege-und-txl-schliessung-was-die-eroeffnung-der-suedbahn-fuer-tegel-und-den-ber-bedeutet\/26589872.html\">Zeitungsbericht<\/a> zitiert den Flughafenchef, dass Nord- und S\u00fcdbahn etwa gleich stark frequentiert werden sollen.<\/p>\n<p>Mit der Inbetriebnahme der S\u00fcdbahn ist der Willy-Brandt-Flughafen auch juristisch in Betrieb. Dies gilt auch f\u00fcr das <a href=\"https:\/\/www.berlin-airport.de\/de\/nachbarn\/fluglaerm-und-flugrouten\/nachtflug\/index.php\">Nachtflugverbot<\/a>.<\/p>\n<p>Die S\u00fcdbahn war vor einigen Jahren bereits tempor\u00e4r genutzt worden, als die Nordbahn saniert wurde. Aus dieser Zeit gibt es ein sch\u00f6nes Video von einem Landeanflug auf die S\u00fcdbahn von Osten.<\/p>\n<div class=\"video-wrapped\" style=\"width: 580px; height: 326px; background-image: url('https:\/\/www.epischel.de\/wordpress\/wp-content\/plugins\/video-embed-privacy\/preview\/e4yqV7K-JUM.jpg')\" data-embed-frame=\"&lt;iframe title=&quot;Approach &amp;amp; landing at Berlin (SXF) - cockpit \u2708&quot; width=&quot;580&quot; height=&quot;326&quot; src=&quot;https:\/\/www.youtube.com\/embed\/e4yqV7K-JUM?feature=oembed&quot; frameborder=&quot;0&quot; allow=&quot;accelerometer; autoplay; clipboard-write; encrypted-media; gyroscope; picture-in-picture; web-share&quot; referrerpolicy=&quot;strict-origin-when-cross-origin&quot; allowfullscreen&gt;&lt;\/iframe&gt;\" data-embed-play=\"Abspielen&lt;div class=&quot;small&quot;&gt;Das Video wird von Youtube eingebettet abespielt. Es gilt die &lt;a href=&quot;https:\/\/www.google.com\/intl\/de\/policies\/privacy\/&quot; target=&quot;_blank&quot;&gt;Datenschutzerkl\u00e4rung von Google&lt;\/a&gt;&lt;\/div&gt;\">\n<div class=\"video-wrapped-nojs\">Aktivieren Sie JavaScript um das Video zu sehen.<br \/><a href=\"https:\/\/youtu.be\/e4yqV7K-JUM\">https:\/\/youtu.be\/e4yqV7K-JUM<\/a><\/div>\n<\/div>\n<div class=\"syndication-links\"><\/div>","protected":false},"excerpt":{"rendered":"<p>Heute gegen 10 Uhr wurde die s\u00fcdliche Start-und Landebahn des BER freigegeben. Als erstes landete ein Airbus A350 von Qatar Airways aus Doha. [caption id=\"attachment_1514\" align=\"aligncenter\" width=\"227\"] Primiere: Landeanflug einer Qatar Airways A350 auf BER S\u00fcdbahn[\/caption] https:\/\/twitter.com\/visitBerlinNews\/status\/1323925297910157313?s=20 Die Maschine wurde abermals mit einer Wasserfont\u00e4ne begr\u00fc\u00dft. https:\/\/twitter.com\/AeronewsGlobal\/status\/1324010016450424832?s=20 Soweit ich es heute beobachtet habe Differences in prescription&hellip;<\/p>\n","protected":false},"author":2,"featured_media":0,"comment_status":"open","ping_status":"open","sticky":false,"template":"","format":"standard","meta":{"mf2_syndication":[],"webmentions_disabled_pings":false,"webmentions_disabled":false,"footnotes":""},"categories":[6],"tags":[55],"series":[],"class_list":["post-1515","post","type-post","status-publish","format-standard","hentry","category-familie","tag-ber","kind-article"],"kind":false,"_links":{"self":[{"href":"https:\/\/www.epischel.de\/wordpress\/wp-json\/wp\/v2\/posts\/1515","targetHints":{"allow":["GET"]}}],"collection":[{"href":"https:\/\/www.epischel.de\/wordpress\/wp-json\/wp\/v2\/posts"}],"about":[{"href":"https:\/\/www.epischel.de\/wordpress\/wp-json\/wp\/v2\/types\/post"}],"author":[{"embeddable":true,"href":"https:\/\/www.epischel.de\/wordpress\/wp-json\/wp\/v2\/users\/2"}],"replies":[{"embeddable":true,"href":"https:\/\/www.epischel.de\/wordpress\/wp-json\/wp\/v2\/comments?post=1515"}],"version-history":[{"count":6,"href":"https:\/\/www.epischel.de\/wordpress\/wp-json\/wp\/v2\/posts\/1515\/revisions"}],"predecessor-version":[{"id":1521,"href":"https:\/\/www.epischel.de\/wordpress\/wp-json\/wp\/v2\/posts\/1515\/revisions\/1521"}],"wp:attachment":[{"href":"https:\/\/www.epischel.de\/wordpress\/wp-json\/wp\/v2\/media?parent=1515"}],"wp:term":[{"taxonomy":"category","embeddable":true,"href":"https:\/\/www.epischel.de\/wordpress\/wp-json\/wp\/v2\/categories?post=1515"},{"taxonomy":"post_tag","embeddable":true,"href":"https:\/\/www.epischel.de\/wordpress\/wp-json\/wp\/v2\/tags?post=1515"},{"taxonomy":"series","embeddable":true,"href":"https:\/\/www.epischel.de\/wordpress\/wp-json\/wp\/v2\/series?post=1515"}],"curies":[{"name":"wp","href":"https:\/\/api.w.org\/{rel}","templated":true}]}}