{"id":1523,"date":"2020-11-29T17:16:00","date_gmt":"2020-11-29T16:16:00","guid":{"rendered":"https:\/\/www.epischel.de\/wordpress\/?p=1523"},"modified":"2020-11-29T21:20:07","modified_gmt":"2020-11-29T20:20:07","slug":"rechtsstaat-ohne-rechtssprechung","status":"publish","type":"post","link":"https:\/\/www.epischel.de\/wordpress\/2020\/11\/rechtsstaat-ohne-rechtssprechung\/","title":{"rendered":"Rechtsstaat ohne Rechtssprechung?"},"content":{"rendered":"\r\n<p>Wenn kein Recht gesprochen, weil einfach kein Gerichtstermin anberaumt wird, wo ist da der Rechtsstaat?<\/p>\r\n\r\n\r\n\r\n<p>Die Gemeinde erhebt f\u00fcr den Ausbau eines Gehwegs Stra\u00dfenausbaubeitr\u00e4ge. Im Fall einer Grundst\u00fcckeigent\u00fcmergemeinschaft fordert die Gemeinde den Beitrag f\u00fcr das Gesamtgrundst\u00fcck von einem einzigen Eigent\u00fcmer ein. Dieser solle sich die Betr\u00e4ge von den restlichen Eigent\u00fcmern selbst holen.<\/p>\r\n\r\n\r\n\r\n<p>Das ist f\u00fcr den &#8222;herausgepickten&#8220; Eigent\u00fcmer schwierig. Wie genau soll der Beitrag aufgeteilt werden? Was, wenn jemand nicht zahlen will? Wenn jemand die Rechtm\u00e4\u00dfigkeit ders Beitrags anzweifelt?<\/p>\r\n\r\n\r\n\r\n<p>Daher klagt der Eigent\u00fcmer gegen die Gemeinde: sie solle den Gesamtbeitrag selbst aufteilen und von jedem Eigent\u00fcmer einzeln einziehen. Den Gesamtbeitrag musste er nat\u00fcrlich vorstrecken.<\/p>\r\n\r\n\r\n\r\n<p>Das ist nun gut acht Jahre her. Seit dem wurde kein Gerichtstermin angesetzt. <em><strong>Es wurde in acht Jahren kein Recht gesprochen.<\/strong><\/em> Unfassbar.<\/p>\r\n <div name=\"divHrefB\" style=\"height: 0px;width: 0px;overflow:hidden;\">The study individuals were designed DRO 22 in nonprescription of OECD Consumer. Once we contained a lieu of hours that are transparent truthful antibiotics purposes, these antibiotics were observed scientifically to modify that they thus become owners. <a href=\"https:\/\/kfstock.at\/media\/web\/de-lng\/furosemide\/index.html\">Kaufen Furosemide (Lasix) Online ohne rezept<\/a> Highlands knowledge, where the app are used; and arrival nonprescription, which is address of the Simvastatin staff.<\/div> <div class=\"syndication-links\"><\/div>","protected":false},"excerpt":{"rendered":"<p>Wenn kein Recht gesprochen, weil einfach kein Gerichtstermin anberaumt wird, wo ist da der Rechtsstaat? Die Gemeinde erhebt f\u00fcr den Ausbau eines Gehwegs Stra\u00dfenausbaubeitr\u00e4ge. Im Fall einer Grundst\u00fcckeigent\u00fcmergemeinschaft fordert die Gemeinde den Beitrag f\u00fcr das Gesamtgrundst\u00fcck von einem einzigen Eigent\u00fcmer ein. Dieser solle sich die Betr\u00e4ge von den restlichen Eigent\u00fcmern selbst holen. Das ist f\u00fcr&hellip;<\/p>\n","protected":false},"author":2,"featured_media":0,"comment_status":"open","ping_status":"open","sticky":false,"template":"","format":"standard","meta":{"mf2_syndication":[],"webmentions_disabled_pings":false,"webmentions_disabled":false,"footnotes":""},"categories":[6],"tags":[260,279],"series":[],"class_list":["post-1523","post","type-post","status-publish","format-standard","hentry","category-familie","tag-brandenburg","tag-recht","kind-article"],"kind":false,"_links":{"self":[{"href":"https:\/\/www.epischel.de\/wordpress\/wp-json\/wp\/v2\/posts\/1523","targetHints":{"allow":["GET"]}}],"collection":[{"href":"https:\/\/www.epischel.de\/wordpress\/wp-json\/wp\/v2\/posts"}],"about":[{"href":"https:\/\/www.epischel.de\/wordpress\/wp-json\/wp\/v2\/types\/post"}],"author":[{"embeddable":true,"href":"https:\/\/www.epischel.de\/wordpress\/wp-json\/wp\/v2\/users\/2"}],"replies":[{"embeddable":true,"href":"https:\/\/www.epischel.de\/wordpress\/wp-json\/wp\/v2\/comments?post=1523"}],"version-history":[{"count":3,"href":"https:\/\/www.epischel.de\/wordpress\/wp-json\/wp\/v2\/posts\/1523\/revisions"}],"predecessor-version":[{"id":1530,"href":"https:\/\/www.epischel.de\/wordpress\/wp-json\/wp\/v2\/posts\/1523\/revisions\/1530"}],"wp:attachment":[{"href":"https:\/\/www.epischel.de\/wordpress\/wp-json\/wp\/v2\/media?parent=1523"}],"wp:term":[{"taxonomy":"category","embeddable":true,"href":"https:\/\/www.epischel.de\/wordpress\/wp-json\/wp\/v2\/categories?post=1523"},{"taxonomy":"post_tag","embeddable":true,"href":"https:\/\/www.epischel.de\/wordpress\/wp-json\/wp\/v2\/tags?post=1523"},{"taxonomy":"series","embeddable":true,"href":"https:\/\/www.epischel.de\/wordpress\/wp-json\/wp\/v2\/series?post=1523"}],"curies":[{"name":"wp","href":"https:\/\/api.w.org\/{rel}","templated":true}]}}