{"id":17,"date":"2005-08-25T17:10:35","date_gmt":"2005-08-25T16:10:35","guid":{"rendered":"http:\/\/www.epischel.de\/wordpress\/?p=17"},"modified":"2011-02-14T00:20:46","modified_gmt":"2011-02-13T23:20:46","slug":"u6","status":"publish","type":"post","link":"https:\/\/www.epischel.de\/wordpress\/2005\/08\/u6\/","title":{"rendered":"Kinder\u00e4rztin verwirrt mich bei der U6"},"content":{"rendered":"<p>Heute war ich bei der U6 (<a href=\"http:\/\/www.rund-ums-baby.de\/gesundheit_baby\/vorsorgeuntersuchung.htm#u6\">Untersuchung Nr. 6<\/a>) meines Sohnes. Ich dachte, die \u00c4rztin schaut sich das Kind nicht nur an, sondern fragt auch etwas nach. Es war nicht so. Mein Sohn weinte, vielleicht konnte er sich wirklich an die vorherigen Impfungen von ihr erinnern und hatte daher Angst, oder es war nur, weil es eine fremde Person war. Jedenfalls ging es dann nur darum, dass er nicht b\u00f6se sein solle, weil sie ihn geimpft habe. Und dann erz\u00e4hlte sie Sachen aus ihrem Praxisalltag, die nichts mit meinem Sohn zu tun hatten. Woraufhin ich etliche meiner Fragen vergass (z.B. ob es denn schlimm sei, dass er seit Monaten nicht zunehme) und sogar, dass sie gar nicht n\u00e4her auf meine Bemerkung bzgl. seiner Erk\u00e4ltung eingegangen ist, nachdem sie ihn abgeh\u00f6rt hatte.<\/p>\n<p>Wir werden jetzt einen anderen Arzt nehmen. Falls ich nochmal da hin gehe, werde ich mir alle Fragen aufschreiben und deren Beantwortung \u00fcberpr\u00fcfen, bevor Frau Doktor das Zimmer wieder verl\u00e4\u00dft.<\/p>\n<p>Das Untersuchungsheft sieht jetzt aus wie ein Schulheft. Bei der U6 steht &#8222;sehr weit entwickelt&#8220;. Prima!<\/p>\n<div class=\"syndication-links\"><\/div>","protected":false},"excerpt":{"rendered":"<p>Heute war ich bei der U6 (Untersuchung Nr. 6) meines Sohnes. Ich dachte, die \u00c4rztin schaut sich das Kind nicht nur an, sondern fragt auch etwas nach. Es war nicht so. Mein Sohn weinte, vielleicht konnte er sich wirklich an die vorherigen Impfungen von ihr erinnern und hatte daher Angst, oder es war nur, weil&hellip;<\/p>\n","protected":false},"author":2,"featured_media":0,"comment_status":"open","ping_status":"open","sticky":false,"template":"","format":"standard","meta":{"mf2_syndication":[],"webmentions_disabled_pings":false,"webmentions_disabled":false,"footnotes":""},"categories":[6],"tags":[25,123,18],"series":[],"class_list":["post-17","post","type-post","status-publish","format-standard","hentry","category-familie","tag-das-leben","tag-familie","tag-kinder","kind-"],"kind":false,"_links":{"self":[{"href":"https:\/\/www.epischel.de\/wordpress\/wp-json\/wp\/v2\/posts\/17","targetHints":{"allow":["GET"]}}],"collection":[{"href":"https:\/\/www.epischel.de\/wordpress\/wp-json\/wp\/v2\/posts"}],"about":[{"href":"https:\/\/www.epischel.de\/wordpress\/wp-json\/wp\/v2\/types\/post"}],"author":[{"embeddable":true,"href":"https:\/\/www.epischel.de\/wordpress\/wp-json\/wp\/v2\/users\/2"}],"replies":[{"embeddable":true,"href":"https:\/\/www.epischel.de\/wordpress\/wp-json\/wp\/v2\/comments?post=17"}],"version-history":[{"count":2,"href":"https:\/\/www.epischel.de\/wordpress\/wp-json\/wp\/v2\/posts\/17\/revisions"}],"predecessor-version":[{"id":260,"href":"https:\/\/www.epischel.de\/wordpress\/wp-json\/wp\/v2\/posts\/17\/revisions\/260"}],"wp:attachment":[{"href":"https:\/\/www.epischel.de\/wordpress\/wp-json\/wp\/v2\/media?parent=17"}],"wp:term":[{"taxonomy":"category","embeddable":true,"href":"https:\/\/www.epischel.de\/wordpress\/wp-json\/wp\/v2\/categories?post=17"},{"taxonomy":"post_tag","embeddable":true,"href":"https:\/\/www.epischel.de\/wordpress\/wp-json\/wp\/v2\/tags?post=17"},{"taxonomy":"series","embeddable":true,"href":"https:\/\/www.epischel.de\/wordpress\/wp-json\/wp\/v2\/series?post=17"}],"curies":[{"name":"wp","href":"https:\/\/api.w.org\/{rel}","templated":true}]}}