{"id":181,"date":"2009-11-02T16:08:11","date_gmt":"2009-11-02T15:08:11","guid":{"rendered":"http:\/\/www.epischel.de\/wordpress\/?p=181"},"modified":"2009-11-02T16:08:11","modified_gmt":"2009-11-02T15:08:11","slug":"reif-fur-die-einschulung","status":"publish","type":"post","link":"https:\/\/www.epischel.de\/wordpress\/2009\/11\/reif-fur-die-einschulung\/","title":{"rendered":"Reif f\u00fcr die Einschulung"},"content":{"rendered":"<p><figure style=\"width: 240px\" class=\"wp-caption alignright\"><img loading=\"lazy\" decoding=\"async\" alt=\"Schulkinder\" src=\"http:\/\/farm1.static.flickr.com\/57\/227688848_4d5caee18b_m_d.jpg\" title=\"Schulkinder \/ (c) by foreversouls at flickr.com\" width=\"240\" height=\"137\" \/><figcaption class=\"wp-caption-text\">Schulkinder<\/figcaption><\/figure><br \/>\nSollen wir das Kann-Kind schon einschulen oder lieber noch nicht? Aus den untenstehenden Links lese ich heraus:<\/p>\n<ul>\n<li>das Kind muss wollen<\/li>\n<li>nicht nur intellektuelle F\u00e4higkeiten sind wichtig, auch die sozialen F\u00e4higkeiten<\/li>\n<li>die Kita-Erzieherin um eine Einsch\u00e4tzung bitten<\/li>\n<li>das Gespr\u00e4ch mit dem Grundschullehrer\/-lehrerin suchen<\/li>\n<\/ul>\n<p>Hier ein paar Links mit Empfehlungen:<\/p>\n<ul>\n<li><a href=\"http:\/\/www.focus.de\/schule\/community\/fragestunde\/einschulung_aid_26022.html\">Focus-Online Schule<\/a> fasst es kurz zusammen\n<\/li>\n<li><a href=\"http:\/\/www.br-online.de\/bayern2\/iq-wissenschaft-und-forschung\/fruehe-einschulung-vorteile-nachteile-ID1252485431039.xml\">BR-Online<\/a> warnt davor, nur die intellektuellen F\u00e4higkeiten zu beachten.<\/li>\n<li><a href=\"http:\/\/www.nachhilfe.de\/service\/aktuelles\/artikel\/reif-fuer-die-einschulung.html\">Nachhilfe.de<\/a> schreibt dar\u00fcber hinaus noch \u00fcber den organisatorischen Ablauf der Anmeldung<\/li>\n<\/ul>\n<div class=\"syndication-links\"><\/div>","protected":false},"excerpt":{"rendered":"<p>[caption id=\"\" align=\"alignright\" width=\"240\" caption=\"Schulkinder\"][\/caption] Sollen wir das Kann-Kind schon einschulen oder lieber noch nicht? Aus den untenstehenden Links lese ich heraus: das Kind muss wollen nicht nur intellektuelle F\u00e4higkeiten sind wichtig, auch die sozialen F\u00e4higkeiten die Kita-Erzieherin um eine Einsch\u00e4tzung bitten das Gespr\u00e4ch mit dem Grundschullehrer\/-lehrerin suchen Hier ein paar Links mit Empfehlungen: Focus-Online&hellip;<\/p>\n","protected":false},"author":2,"featured_media":0,"comment_status":"open","ping_status":"open","sticky":false,"template":"","format":"standard","meta":{"mf2_syndication":[],"webmentions_disabled_pings":false,"webmentions_disabled":false,"footnotes":""},"categories":[6],"tags":[18,27,28],"series":[],"class_list":["post-181","post","type-post","status-publish","format-standard","hentry","category-familie","tag-kinder","tag-kita","tag-schule","kind-"],"kind":false,"_links":{"self":[{"href":"https:\/\/www.epischel.de\/wordpress\/wp-json\/wp\/v2\/posts\/181","targetHints":{"allow":["GET"]}}],"collection":[{"href":"https:\/\/www.epischel.de\/wordpress\/wp-json\/wp\/v2\/posts"}],"about":[{"href":"https:\/\/www.epischel.de\/wordpress\/wp-json\/wp\/v2\/types\/post"}],"author":[{"embeddable":true,"href":"https:\/\/www.epischel.de\/wordpress\/wp-json\/wp\/v2\/users\/2"}],"replies":[{"embeddable":true,"href":"https:\/\/www.epischel.de\/wordpress\/wp-json\/wp\/v2\/comments?post=181"}],"version-history":[{"count":5,"href":"https:\/\/www.epischel.de\/wordpress\/wp-json\/wp\/v2\/posts\/181\/revisions"}],"predecessor-version":[{"id":186,"href":"https:\/\/www.epischel.de\/wordpress\/wp-json\/wp\/v2\/posts\/181\/revisions\/186"}],"wp:attachment":[{"href":"https:\/\/www.epischel.de\/wordpress\/wp-json\/wp\/v2\/media?parent=181"}],"wp:term":[{"taxonomy":"category","embeddable":true,"href":"https:\/\/www.epischel.de\/wordpress\/wp-json\/wp\/v2\/categories?post=181"},{"taxonomy":"post_tag","embeddable":true,"href":"https:\/\/www.epischel.de\/wordpress\/wp-json\/wp\/v2\/tags?post=181"},{"taxonomy":"series","embeddable":true,"href":"https:\/\/www.epischel.de\/wordpress\/wp-json\/wp\/v2\/series?post=181"}],"curies":[{"name":"wp","href":"https:\/\/api.w.org\/{rel}","templated":true}]}}