{"id":187,"date":"2009-11-03T12:47:39","date_gmt":"2009-11-03T11:47:39","guid":{"rendered":"http:\/\/www.epischel.de\/wordpress\/?p=187"},"modified":"2012-04-09T11:28:25","modified_gmt":"2012-04-09T10:28:25","slug":"konnen-und-kenntnisse-von-vorschulkindern","status":"publish","type":"post","link":"https:\/\/www.epischel.de\/wordpress\/2009\/11\/konnen-und-kenntnisse-von-vorschulkindern\/","title":{"rendered":"K\u00f6nnen und Kenntnisse von Vorschulkindern"},"content":{"rendered":"<p><figure style=\"width: 240px\" class=\"wp-caption alignright\"><img loading=\"lazy\" decoding=\"async\" alt=\"Vorschulkinder\" src=\"http:\/\/farm4.static.flickr.com\/3209\/2908834853_2d4116edf9_m_d.jpg\" title=\"Vorschulkinder \/ woodleywonderworks @ flickr.com\" width=\"240\" height=\"160\" \/><figcaption class=\"wp-caption-text\">Vorschulkinder<\/figcaption><\/figure>Im Konzept &#8222;unserer Kita&#8220; steht, was (der Meinung der Kita-Leitung nach) Vorschulkinder k\u00f6nnen und kennen sollten, wenn sie zu Schule kommen. Nach meiner Meinung sollte man sich auf diese Liste nicht zu sehr versteifen. Es gibt andere Dinge, die sicherlich auch erforderlich sind und einige muss man auch nicht haben. Aber so als Anhaltspunkt durchaus n\u00fctzlich.<\/p>\n<p><strong>Muttersprache<\/strong>:<\/p>\n<ul>\n<li>Erz\u00e4hlen in zusammenh\u00e4ngenden S\u00e4tzen<\/li>\n<li>Beschreiben von Gegenst\u00e4nden<\/li>\n<li>Nacherz\u00e4hlen von M\u00e4rchen und Geschichten<\/li>\n<li>betonter Vortrag von Gedichten<\/li>\n<li>richtige Bildung von Einzahl und Mehrzahl<\/li>\n<\/ul>\n<p><strong>Allgemeinwissen<\/strong>:<\/p>\n<ul>\n<li>Wie hei\u00dfe ich?<\/li>\n<li>Wo wohne ich?<\/li>\n<li>Wann habe ich Geburtstag?<\/li>\n<li>Berufe der Eltern<\/li>\n<li>Kenntnisse \u00fcber die Umgebung der Wohnung und der KITA<\/li>\n<\/ul>\n<p><strong>Verkehr<\/strong>:<\/p>\n<ul>\n<li>Wie und wo gehe ich sicher \u00fcber die Stra\u00dfe?<\/li>\n<\/ul>\n<p><strong>Mengenlehre<\/strong>:<\/p>\n<ul>\n<li>Zahlen von 1 bis 10, auch als Ordnungszahl<\/li>\n<li>Z\u00e4hlen von 1 bis 6, vorw\u00e4rts und r\u00fcckw\u00e4rts<\/li>\n<li>Mengenvergleiche: mehr als, weniger als, ist gleich<\/li>\n<li>L\u00e4ngenverh\u00e4ltnisse: z.B. es ist 2mal so lang wie..<\/li>\n<li>Kenntnisse \u00fcber Dreieck, Viereck und Kreis<\/li>\n<li>Zerlegen von Mengen nach der Anzahl<\/li>\n<\/ul>\n<p><strong>Natur<\/strong>:<\/p>\n<ul>\n<li>Kenntnisse \u00fcber B\u00e4ume, Pflanzen und Blumen<\/li>\n<li>Jahreszeiten bedingt erste Wetterkenntnisse<\/li>\n<li>Nennen der Jahreszeiten mit ihren Merkmalen<\/li>\n<li>Lebensraum der Tiere und deren Eigenarten<\/li>\n<li>Unterscheiden und benennen von Zoo- und Haustieren<\/li>\n<li>erste Kenntnisse \u00fcber die unbelebte Natur<\/li>\n<\/ul>\n<p><strong>Malen und Zeichnen<\/strong>:<\/p>\n<ul>\n<li>richtige Stift- und Pinselhaltung<\/li>\n<li>Unterscheiden der Grundfarben<\/li>\n<li>Zeichnen von Mustern<\/li>\n<li>Menschendarstellung von Vorder- und Seitenansicht<\/li>\n<li>Aufteilen des Bildes in Vorder- und Hintergrund<\/li>\n<\/ul>\n<p><strong>Basteln<\/strong>:<\/p>\n<ul>\n<li>richtiger Umgang mit der Schere<\/li>\n<li>richtiges Kleben<\/li>\n<li>Kenntnisse \u00fcber das Falten: Begriffe wie z.B. Ecke, Kante<\/li>\n<\/ul>\n<div class=\"syndication-links\"><\/div>","protected":false},"excerpt":{"rendered":"<p>[caption id=\"\" align=\"alignright\" width=\"240\" caption=\"Vorschulkinder\"][\/caption]Im Konzept &#8222;unserer Kita&#8220; steht, was (der Meinung der Kita-Leitung nach) Vorschulkinder k\u00f6nnen und kennen sollten, wenn sie zu Schule kommen. Nach meiner Meinung sollte man sich auf diese Liste nicht zu sehr versteifen. Es gibt andere Dinge, die sicherlich auch erforderlich sind und einige muss man auch nicht haben. Aber&hellip;<\/p>\n","protected":false},"author":2,"featured_media":0,"comment_status":"open","ping_status":"open","sticky":false,"template":"","format":"standard","meta":{"mf2_syndication":[],"webmentions_disabled_pings":false,"webmentions_disabled":false,"footnotes":""},"categories":[6],"tags":[18],"series":[],"class_list":["post-187","post","type-post","status-publish","format-standard","hentry","category-familie","tag-kinder","kind-"],"kind":false,"_links":{"self":[{"href":"https:\/\/www.epischel.de\/wordpress\/wp-json\/wp\/v2\/posts\/187","targetHints":{"allow":["GET"]}}],"collection":[{"href":"https:\/\/www.epischel.de\/wordpress\/wp-json\/wp\/v2\/posts"}],"about":[{"href":"https:\/\/www.epischel.de\/wordpress\/wp-json\/wp\/v2\/types\/post"}],"author":[{"embeddable":true,"href":"https:\/\/www.epischel.de\/wordpress\/wp-json\/wp\/v2\/users\/2"}],"replies":[{"embeddable":true,"href":"https:\/\/www.epischel.de\/wordpress\/wp-json\/wp\/v2\/comments?post=187"}],"version-history":[{"count":5,"href":"https:\/\/www.epischel.de\/wordpress\/wp-json\/wp\/v2\/posts\/187\/revisions"}],"predecessor-version":[{"id":320,"href":"https:\/\/www.epischel.de\/wordpress\/wp-json\/wp\/v2\/posts\/187\/revisions\/320"}],"wp:attachment":[{"href":"https:\/\/www.epischel.de\/wordpress\/wp-json\/wp\/v2\/media?parent=187"}],"wp:term":[{"taxonomy":"category","embeddable":true,"href":"https:\/\/www.epischel.de\/wordpress\/wp-json\/wp\/v2\/categories?post=187"},{"taxonomy":"post_tag","embeddable":true,"href":"https:\/\/www.epischel.de\/wordpress\/wp-json\/wp\/v2\/tags?post=187"},{"taxonomy":"series","embeddable":true,"href":"https:\/\/www.epischel.de\/wordpress\/wp-json\/wp\/v2\/series?post=187"}],"curies":[{"name":"wp","href":"https:\/\/api.w.org\/{rel}","templated":true}]}}