{"id":201,"date":"2009-11-20T15:51:04","date_gmt":"2009-11-20T14:51:04","guid":{"rendered":"http:\/\/www.epischel.de\/wordpress\/?p=201"},"modified":"2009-11-20T15:51:04","modified_gmt":"2009-11-20T14:51:04","slug":"macht-geld-glucklich","status":"publish","type":"post","link":"https:\/\/www.epischel.de\/wordpress\/2009\/11\/macht-geld-glucklich\/","title":{"rendered":"Macht Geld gl\u00fccklich?"},"content":{"rendered":"<p>Nein, Geld macht <a href=\"http:\/\/www.stern.de\/wirtschaft\/job\/zufriedenheit-macht-geld-gluecklich-538843.html\">nicht gl\u00fccklich<\/a>.<\/p>\n<p>Weil wir uns immer mit anderen vergleichen. Wenn wir mehr &#8222;verdienen&#8220;, vergleichen wir uns auch mit Menschen der neuen Einkommensstufe. Dabei schwindet der Gl\u00fcckszuwachs schwindet. Das ist wie mit Drogen &#8211; die Dosis muss der Konsument mit der Zeit erh\u00f6hen.<\/p>\n<p>Zwei Dinge z\u00e4hlt Mark Benecke im<a href=\"http:\/\/download.radioeins.de\/mp3\/die_profis\/der_benecke\/db20091114.mp3\"> Radio-Eins-Podcast<\/a> auf, die angeblich gl\u00fccklich machen<\/p>\n<ul>\n<li>&#8222;rumh\u00e4ngen&#8220; (Mu\u00dfe tun)<\/li>\n<li>soziale Kontakte.<\/li>\n<\/ul>\n<p>Wobei &#8211; eine T\u00e4tigkeit, die mir Spa\u00df macht, tr\u00e4gt auch zu meinem Gl\u00fcck bei.<\/p>\n<div class=\"syndication-links\"><\/div>","protected":false},"excerpt":{"rendered":"<p>Nein, Geld macht nicht gl\u00fccklich. Weil wir uns immer mit anderen vergleichen. Wenn wir mehr &#8222;verdienen&#8220;, vergleichen wir uns auch mit Menschen der neuen Einkommensstufe. Dabei schwindet der Gl\u00fcckszuwachs schwindet. Das ist wie mit Drogen &#8211; die Dosis muss der Konsument mit der Zeit erh\u00f6hen. Zwei Dinge z\u00e4hlt Mark Benecke im Radio-Eins-Podcast auf, die angeblich&hellip;<\/p>\n","protected":false},"author":2,"featured_media":0,"comment_status":"open","ping_status":"open","sticky":false,"template":"","format":"standard","meta":{"mf2_syndication":[],"webmentions_disabled_pings":false,"webmentions_disabled":false,"footnotes":""},"categories":[6],"tags":[20],"series":[],"class_list":["post-201","post","type-post","status-publish","format-standard","hentry","category-familie","tag-personliche-entwicklung","kind-"],"kind":false,"_links":{"self":[{"href":"https:\/\/www.epischel.de\/wordpress\/wp-json\/wp\/v2\/posts\/201","targetHints":{"allow":["GET"]}}],"collection":[{"href":"https:\/\/www.epischel.de\/wordpress\/wp-json\/wp\/v2\/posts"}],"about":[{"href":"https:\/\/www.epischel.de\/wordpress\/wp-json\/wp\/v2\/types\/post"}],"author":[{"embeddable":true,"href":"https:\/\/www.epischel.de\/wordpress\/wp-json\/wp\/v2\/users\/2"}],"replies":[{"embeddable":true,"href":"https:\/\/www.epischel.de\/wordpress\/wp-json\/wp\/v2\/comments?post=201"}],"version-history":[{"count":2,"href":"https:\/\/www.epischel.de\/wordpress\/wp-json\/wp\/v2\/posts\/201\/revisions"}],"predecessor-version":[{"id":203,"href":"https:\/\/www.epischel.de\/wordpress\/wp-json\/wp\/v2\/posts\/201\/revisions\/203"}],"wp:attachment":[{"href":"https:\/\/www.epischel.de\/wordpress\/wp-json\/wp\/v2\/media?parent=201"}],"wp:term":[{"taxonomy":"category","embeddable":true,"href":"https:\/\/www.epischel.de\/wordpress\/wp-json\/wp\/v2\/categories?post=201"},{"taxonomy":"post_tag","embeddable":true,"href":"https:\/\/www.epischel.de\/wordpress\/wp-json\/wp\/v2\/tags?post=201"},{"taxonomy":"series","embeddable":true,"href":"https:\/\/www.epischel.de\/wordpress\/wp-json\/wp\/v2\/series?post=201"}],"curies":[{"name":"wp","href":"https:\/\/api.w.org\/{rel}","templated":true}]}}