{"id":205,"date":"2009-12-01T14:30:25","date_gmt":"2009-12-01T13:30:25","guid":{"rendered":"http:\/\/www.epischel.de\/wordpress\/?p=205"},"modified":"2012-04-09T11:28:45","modified_gmt":"2012-04-09T10:28:45","slug":"betreuungsschlussel-fur-kitas-in-brandenburg","status":"publish","type":"post","link":"https:\/\/www.epischel.de\/wordpress\/2009\/12\/betreuungsschlussel-fur-kitas-in-brandenburg\/","title":{"rendered":"Betreuungsschl\u00fcssel f\u00fcr Kitas in Brandenburg"},"content":{"rendered":"<p>In Brandenburg regelt der <a href=\"http:\/\/www.bravors.brandenburg.de\/sixcms\/detail.php?gsid=land_bb_bravors_01.c.43373.de#10\">Paragraph 10<\/a> des Kindertagesst\u00e4ttengesetzes den Betreuungsschl\u00fcssel.<\/p>\n<p>Demnach sind pro Erzieher<\/p>\n<ul>\n<li>f\u00fcr die Altersgruppe 0-2 Jahre f\u00fcr <strong>sieben <\/strong>Kinder (ganztags) und<\/li>\n<li>f\u00fcr die Altersgruppe 3-6 Jahre f\u00fcr <strong>dreizehn <\/strong>Kinder (ganztags)<\/li>\n<\/ul>\n<p>zu betreuen.<\/p>\n<p>Im Vergleich zu Berlin sind diese Schl\u00fcssel mit Ausnahme f\u00fcr die Altergruppe der 3 J\u00e4hrigen ung\u00fcnstiger.<\/p>\n<div class=\"syndication-links\"><\/div>","protected":false},"excerpt":{"rendered":"<p>In Brandenburg regelt der Paragraph 10 des Kindertagesst\u00e4ttengesetzes den Betreuungsschl\u00fcssel. Demnach sind pro Erzieher f\u00fcr die Altersgruppe 0-2 Jahre f\u00fcr sieben Kinder (ganztags) und f\u00fcr die Altersgruppe 3-6 Jahre f\u00fcr dreizehn Kinder (ganztags) zu betreuen. Im Vergleich zu Berlin sind diese Schl\u00fcssel mit Ausnahme f\u00fcr die Altergruppe der 3 J\u00e4hrigen ung\u00fcnstiger.<\/p>\n","protected":false},"author":2,"featured_media":0,"comment_status":"open","ping_status":"open","sticky":false,"template":"","format":"standard","meta":{"mf2_syndication":[],"webmentions_disabled_pings":false,"webmentions_disabled":false,"footnotes":""},"categories":[6],"tags":[18,27,19],"series":[],"class_list":["post-205","post","type-post","status-publish","format-standard","hentry","category-familie","tag-kinder","tag-kita","tag-politik","kind-"],"kind":false,"_links":{"self":[{"href":"https:\/\/www.epischel.de\/wordpress\/wp-json\/wp\/v2\/posts\/205","targetHints":{"allow":["GET"]}}],"collection":[{"href":"https:\/\/www.epischel.de\/wordpress\/wp-json\/wp\/v2\/posts"}],"about":[{"href":"https:\/\/www.epischel.de\/wordpress\/wp-json\/wp\/v2\/types\/post"}],"author":[{"embeddable":true,"href":"https:\/\/www.epischel.de\/wordpress\/wp-json\/wp\/v2\/users\/2"}],"replies":[{"embeddable":true,"href":"https:\/\/www.epischel.de\/wordpress\/wp-json\/wp\/v2\/comments?post=205"}],"version-history":[{"count":6,"href":"https:\/\/www.epischel.de\/wordpress\/wp-json\/wp\/v2\/posts\/205\/revisions"}],"predecessor-version":[{"id":322,"href":"https:\/\/www.epischel.de\/wordpress\/wp-json\/wp\/v2\/posts\/205\/revisions\/322"}],"wp:attachment":[{"href":"https:\/\/www.epischel.de\/wordpress\/wp-json\/wp\/v2\/media?parent=205"}],"wp:term":[{"taxonomy":"category","embeddable":true,"href":"https:\/\/www.epischel.de\/wordpress\/wp-json\/wp\/v2\/categories?post=205"},{"taxonomy":"post_tag","embeddable":true,"href":"https:\/\/www.epischel.de\/wordpress\/wp-json\/wp\/v2\/tags?post=205"},{"taxonomy":"series","embeddable":true,"href":"https:\/\/www.epischel.de\/wordpress\/wp-json\/wp\/v2\/series?post=205"}],"curies":[{"name":"wp","href":"https:\/\/api.w.org\/{rel}","templated":true}]}}