{"id":217,"date":"2010-01-15T22:35:19","date_gmt":"2010-01-15T21:35:19","guid":{"rendered":"http:\/\/www.epischel.de\/wordpress\/?p=217"},"modified":"2010-01-15T22:36:11","modified_gmt":"2010-01-15T21:36:11","slug":"strobele-uber-die-arbeit-im-parlamentarischen-kontrollgremium","status":"publish","type":"post","link":"https:\/\/www.epischel.de\/wordpress\/2010\/01\/strobele-uber-die-arbeit-im-parlamentarischen-kontrollgremium\/","title":{"rendered":"Str\u00f6bele \u00fcber die Arbeit im Parlamentarischen Kontrollgremium"},"content":{"rendered":"<p>In dem Deutschlandfunk-Feature &#8222;\u201c<a href=\"http:\/\/www.dradio.de\/dlf\/programmtipp\/dasfeature\/1067847\/\">Kafka, Kanzler und da knackt nichts \u2013 Aus dem Inneren eines \u00dcberwachungsstaates<\/a>\u201c (via <a href=\"http:\/\/www.netzpolitik.org\/2010\/aus-dem-inneren-eines-ueberwachungsstaates\/\">netzpolitik.org<\/a>) gibt es eine interessante Aussage von <a href=\"http:\/\/www.bundestag.de\/bundestag\/abgeordnete17\/biografien\/S\/stroebele_hans_christian.html\">Hans-Christian Str\u00f6bele<\/a> zu der Arbeit im <a href=\"http:\/\/de.wikipedia.org\/wiki\/Parlamentarisches_Kontrollgremium\">Parlamentarischem Kontrollgremium<\/a>, welches die Geheimdienste \u00fcberwacht:<\/p>\n<blockquote><p><em>Wir scheitern auch h\u00e4ufig daran, dass wir gar nicht die Zeit haben &#8211; auch ich nicht-, all die Akten zu lesen, die wir dann zur Verf\u00fcgung gestellt bekommen. Das ist ja nicht ein kleiner Hefter, sondern es sind 10-15 Leitz-Ordern. Wann soll ich denn das alles lesen? Dazu muss ich auch immer in den Geheimschutzraum gehen. Also kann ich das auch nicht mal so &#8222;nebenher&#8220; bei mir im B\u00fcro erledigen.<\/em> (<a href=\"http:\/\/ondemand-mp3.dradio.de\/file\/dradio\/2010\/01\/12\/dlf_20100112_1915_35733235.mp3\">MP3-Mitschnitt<\/a>, Minute 27:10-27:48)<\/p><\/blockquote>\n<p>Heisst das, dass die Kontrolleure gar nicht genug Kapazit\u00e4ten haben, ihre Arbeit zu tun? F\u00fcr mich klingt das so.<\/p>\n<p>Auch ansonsten ein interessanter Beitrag, in dem es um die \u00dcberwachung eines Beschuldigten im sog. <a href=\"http:\/\/einstellung.so36.net\/de\/prozess\/zeitung\/artikel\/1055\">mg 1 Verfahren<\/a> geht. Besonders brisant:<\/p>\n<blockquote><p><em>Auff\u00e4llig ist, dass ofensichtlich [sic] das Bundesamt f\u00fcr Verfassungsschutz die Verfahren bestimmt. Mehrere mg\u00ad-Verfahren wurden er\u00f6ffnet, nachdem der VS dem BKA Geheimdienstinformation \u00fcbergab. Auch nach jahrelangen ergebnislosen Ermittlungen behauptete der VS, interne Erkenntnisse zu haben, dass die ersten drei Beschuldigten Gr\u00fcnder der \u00bbmilitanten gruppe\u00ab seien und das BKA nur weiter und gr\u00fcndlicher ermitteln m\u00fcsse, um dies selbst nachzuweisen. Die aus den Akten hervorgehende Zusammenarbeit zwischen VS und BKA unter Umgehung der parlamentarischen Kontrolle ist ein Versto\u00df gegen das in der BRD verankerte Trennungsgebot von Geheimdiensten und Polizei.<\/em> (<a href=\"http:\/\/einstellung.so36.net\/de\/prozess\/zeitung\/artikel\/1055\">einstellung.so36.net<\/a>)<\/p><\/blockquote>\n<p>Genau zu diesem Schluss (bis auf die Umgehung des Parlamentarischen Untersuchungsausschuss) kommt auch Str\u00f6bele im Feature.<\/p>\n<div class=\"syndication-links\"><\/div>","protected":false},"excerpt":{"rendered":"<p>In dem Deutschlandfunk-Feature &#8222;\u201cKafka, Kanzler und da knackt nichts \u2013 Aus dem Inneren eines \u00dcberwachungsstaates\u201c (via netzpolitik.org) gibt es eine interessante Aussage von Hans-Christian Str\u00f6bele zu der Arbeit im Parlamentarischem Kontrollgremium, welches die Geheimdienste \u00fcberwacht: Wir scheitern auch h\u00e4ufig daran, dass wir gar nicht die Zeit haben &#8211; auch ich nicht-, all die Akten zu&hellip;<\/p>\n","protected":false},"author":2,"featured_media":0,"comment_status":"open","ping_status":"open","sticky":false,"template":"","format":"standard","meta":{"mf2_syndication":[],"webmentions_disabled_pings":false,"webmentions_disabled":false,"footnotes":""},"categories":[4],"tags":[19],"series":[],"class_list":["post-217","post","type-post","status-publish","format-standard","hentry","category-medien","tag-politik","kind-"],"kind":false,"_links":{"self":[{"href":"https:\/\/www.epischel.de\/wordpress\/wp-json\/wp\/v2\/posts\/217","targetHints":{"allow":["GET"]}}],"collection":[{"href":"https:\/\/www.epischel.de\/wordpress\/wp-json\/wp\/v2\/posts"}],"about":[{"href":"https:\/\/www.epischel.de\/wordpress\/wp-json\/wp\/v2\/types\/post"}],"author":[{"embeddable":true,"href":"https:\/\/www.epischel.de\/wordpress\/wp-json\/wp\/v2\/users\/2"}],"replies":[{"embeddable":true,"href":"https:\/\/www.epischel.de\/wordpress\/wp-json\/wp\/v2\/comments?post=217"}],"version-history":[{"count":5,"href":"https:\/\/www.epischel.de\/wordpress\/wp-json\/wp\/v2\/posts\/217\/revisions"}],"predecessor-version":[{"id":224,"href":"https:\/\/www.epischel.de\/wordpress\/wp-json\/wp\/v2\/posts\/217\/revisions\/224"}],"wp:attachment":[{"href":"https:\/\/www.epischel.de\/wordpress\/wp-json\/wp\/v2\/media?parent=217"}],"wp:term":[{"taxonomy":"category","embeddable":true,"href":"https:\/\/www.epischel.de\/wordpress\/wp-json\/wp\/v2\/categories?post=217"},{"taxonomy":"post_tag","embeddable":true,"href":"https:\/\/www.epischel.de\/wordpress\/wp-json\/wp\/v2\/tags?post=217"},{"taxonomy":"series","embeddable":true,"href":"https:\/\/www.epischel.de\/wordpress\/wp-json\/wp\/v2\/series?post=217"}],"curies":[{"name":"wp","href":"https:\/\/api.w.org\/{rel}","templated":true}]}}