{"id":261,"date":"2011-02-16T14:12:36","date_gmt":"2011-02-16T13:12:36","guid":{"rendered":"http:\/\/www.epischel.de\/wordpress\/?p=261"},"modified":"2012-04-09T11:27:48","modified_gmt":"2012-04-09T10:27:48","slug":"einschulungsuntersuchung-in-brandenburglandkreis-dahme-spree","status":"publish","type":"post","link":"https:\/\/www.epischel.de\/wordpress\/2011\/02\/einschulungsuntersuchung-in-brandenburglandkreis-dahme-spree\/","title":{"rendered":"Einschulungsuntersuchung in Brandenburg\/Landkreis Dahme-Spree"},"content":{"rendered":"<p>In der n\u00e4chsten Woche beginnen die Einschulungsuntersuchungen. Was dabei genau passiert, teilte mir eine freundliche Dame im Gesundheitsamt mit.<\/p>\n<p>Es g\u00e4be einen Vorraum und einen Arztraum. Im Vorraum werde das Kind gemessen und gewogen. Es werde ein <strong>Seh-<\/strong> und <strong>Farbsehtest<\/strong> vorgenommen, ggf. auch ein Test mit einer <strong>3D-Brille<\/strong> (r\u00e4umliches Sehen). Auch ein <strong>H\u00f6rtest<\/strong> soll durchgef\u00fchrt werden. Schliesslich soll das Kind noch <strong>Bilder <\/strong>malen oder nachzeichnen. Es soll auch einen Menschen zeichnen. Die Zeichnung soll es dann \u00fcbrigens in 10 Jahren wieder zur\u00fcckbekommen.<\/p>\n<p>Im Arztraum werde eine Untersuchung <strong>\u00e4hnlich <\/strong>wie die (?) beim <strong>Kinderarzt <\/strong>durchgef\u00fchrt. Mehr sagte sie dazu nicht.<\/p>\n<div class=\"syndication-links\"><\/div>","protected":false},"excerpt":{"rendered":"<p>In der n\u00e4chsten Woche beginnen die Einschulungsuntersuchungen. Was dabei genau passiert, teilte mir eine freundliche Dame im Gesundheitsamt mit. Es g\u00e4be einen Vorraum und einen Arztraum. Im Vorraum werde das Kind gemessen und gewogen. Es werde ein Seh- und Farbsehtest vorgenommen, ggf. auch ein Test mit einer 3D-Brille (r\u00e4umliches Sehen). Auch ein H\u00f6rtest soll durchgef\u00fchrt&hellip;<\/p>\n","protected":false},"author":2,"featured_media":0,"comment_status":"open","ping_status":"open","sticky":false,"template":"","format":"standard","meta":{"mf2_syndication":[],"webmentions_disabled_pings":false,"webmentions_disabled":false,"footnotes":""},"categories":[6],"tags":[18,27],"series":[],"class_list":["post-261","post","type-post","status-publish","format-standard","hentry","category-familie","tag-kinder","tag-kita","kind-"],"kind":false,"_links":{"self":[{"href":"https:\/\/www.epischel.de\/wordpress\/wp-json\/wp\/v2\/posts\/261","targetHints":{"allow":["GET"]}}],"collection":[{"href":"https:\/\/www.epischel.de\/wordpress\/wp-json\/wp\/v2\/posts"}],"about":[{"href":"https:\/\/www.epischel.de\/wordpress\/wp-json\/wp\/v2\/types\/post"}],"author":[{"embeddable":true,"href":"https:\/\/www.epischel.de\/wordpress\/wp-json\/wp\/v2\/users\/2"}],"replies":[{"embeddable":true,"href":"https:\/\/www.epischel.de\/wordpress\/wp-json\/wp\/v2\/comments?post=261"}],"version-history":[{"count":4,"href":"https:\/\/www.epischel.de\/wordpress\/wp-json\/wp\/v2\/posts\/261\/revisions"}],"predecessor-version":[{"id":318,"href":"https:\/\/www.epischel.de\/wordpress\/wp-json\/wp\/v2\/posts\/261\/revisions\/318"}],"wp:attachment":[{"href":"https:\/\/www.epischel.de\/wordpress\/wp-json\/wp\/v2\/media?parent=261"}],"wp:term":[{"taxonomy":"category","embeddable":true,"href":"https:\/\/www.epischel.de\/wordpress\/wp-json\/wp\/v2\/categories?post=261"},{"taxonomy":"post_tag","embeddable":true,"href":"https:\/\/www.epischel.de\/wordpress\/wp-json\/wp\/v2\/tags?post=261"},{"taxonomy":"series","embeddable":true,"href":"https:\/\/www.epischel.de\/wordpress\/wp-json\/wp\/v2\/series?post=261"}],"curies":[{"name":"wp","href":"https:\/\/api.w.org\/{rel}","templated":true}]}}