{"id":271,"date":"2012-03-31T22:16:09","date_gmt":"2012-03-31T21:16:09","guid":{"rendered":"http:\/\/www.epischel.de\/wordpress\/?p=271"},"modified":"2012-04-09T11:26:31","modified_gmt":"2012-04-09T10:26:31","slug":"berlin-expert-days-2012","status":"publish","type":"post","link":"https:\/\/www.epischel.de\/wordpress\/2012\/03\/berlin-expert-days-2012\/","title":{"rendered":"Berlin Expert Days 2012"},"content":{"rendered":"<p>Die &#8222;<a href=\"http:\/\/bed-con.org\">Berlin Expert Days 2012<\/a>&#8220; war eine zweit\u00e4gige Softwareentwicklungs-Konferenz in Berlin. Ich war das erste Mal dabei und es hat mir gut gefallen. Die Konferenz findet im Fachbereich Informatik an der FU-Berlin statt. Sie ist nicht sehr gro\u00df (R\u00e4umlichkeiten: 1 H\u00f6rsaal, 2 Seminarr\u00e4ume), wobei dieses Jahr wohl nicht alle Anmeldungen auch ein Ticket bekommen haben. Den Preis von unter 100 EUR finde ich sehr moderat.<\/p>\n<p>Die meisten Talks, die ich geh\u00f6rt habe, waren interessant und gut pr\u00e4sentiert. Ausnahmen best\u00e4tigten die Regel. Ich schreibe mal einzelne Posts zu den Talks.<\/p>\n<p>Ich habe sogar einen Ex-Kommolitonen wieder getroffen.<\/p>\n<div class=\"syndication-links\"><\/div>","protected":false},"excerpt":{"rendered":"<p>Die &#8222;Berlin Expert Days 2012&#8220; war eine zweit\u00e4gige Softwareentwicklungs-Konferenz in Berlin. Ich war das erste Mal dabei und es hat mir gut gefallen. Die Konferenz findet im Fachbereich Informatik an der FU-Berlin statt. Sie ist nicht sehr gro\u00df (R\u00e4umlichkeiten: 1 H\u00f6rsaal, 2 Seminarr\u00e4ume), wobei dieses Jahr wohl nicht alle Anmeldungen auch ein Ticket bekommen haben.&hellip;<\/p>\n","protected":false},"author":2,"featured_media":0,"comment_status":"open","ping_status":"open","sticky":false,"template":"","format":"standard","meta":{"mf2_syndication":[],"webmentions_disabled_pings":false,"webmentions_disabled":false,"footnotes":""},"categories":[3,2],"tags":[120],"series":[],"class_list":["post-271","post","type-post","status-publish","format-standard","hentry","category-java","category-entwicklung","tag-java","kind-"],"kind":false,"_links":{"self":[{"href":"https:\/\/www.epischel.de\/wordpress\/wp-json\/wp\/v2\/posts\/271","targetHints":{"allow":["GET"]}}],"collection":[{"href":"https:\/\/www.epischel.de\/wordpress\/wp-json\/wp\/v2\/posts"}],"about":[{"href":"https:\/\/www.epischel.de\/wordpress\/wp-json\/wp\/v2\/types\/post"}],"author":[{"embeddable":true,"href":"https:\/\/www.epischel.de\/wordpress\/wp-json\/wp\/v2\/users\/2"}],"replies":[{"embeddable":true,"href":"https:\/\/www.epischel.de\/wordpress\/wp-json\/wp\/v2\/comments?post=271"}],"version-history":[{"count":4,"href":"https:\/\/www.epischel.de\/wordpress\/wp-json\/wp\/v2\/posts\/271\/revisions"}],"predecessor-version":[{"id":316,"href":"https:\/\/www.epischel.de\/wordpress\/wp-json\/wp\/v2\/posts\/271\/revisions\/316"}],"wp:attachment":[{"href":"https:\/\/www.epischel.de\/wordpress\/wp-json\/wp\/v2\/media?parent=271"}],"wp:term":[{"taxonomy":"category","embeddable":true,"href":"https:\/\/www.epischel.de\/wordpress\/wp-json\/wp\/v2\/categories?post=271"},{"taxonomy":"post_tag","embeddable":true,"href":"https:\/\/www.epischel.de\/wordpress\/wp-json\/wp\/v2\/tags?post=271"},{"taxonomy":"series","embeddable":true,"href":"https:\/\/www.epischel.de\/wordpress\/wp-json\/wp\/v2\/series?post=271"}],"curies":[{"name":"wp","href":"https:\/\/api.w.org\/{rel}","templated":true}]}}