{"id":3,"date":"2005-07-28T12:01:29","date_gmt":"2005-07-28T10:01:29","guid":{"rendered":"http:\/\/www.epischel.de\/wordpress\/?p=3"},"modified":"2006-04-23T21:09:41","modified_gmt":"2006-04-23T19:09:41","slug":"newsomeorg-rancho-denada","status":"publish","type":"post","link":"https:\/\/www.epischel.de\/wordpress\/2005\/07\/newsomeorg-rancho-denada\/","title":{"rendered":"Sich f\u00fcr seine Kinder Zeit nehmen"},"content":{"rendered":"<p>Mein Sohn w\u00e4chst und w\u00e4chst, und ehe man sich&#8217;s versieht zieht er wohl aus. Daher eine Erinnerung, sich Zeit zu nehmen:<br \/>\n<a href=\"http:\/\/www.newsome.org\/2005\/07\/keeping-balance.shtml\">Newsome.Org &#038; Rancho DeNada<\/a> (englisch). <\/p>\n<div class=\"syndication-links\"><\/div>","protected":false},"excerpt":{"rendered":"<p>F\u00fcr Kinder Zeit nehmen<\/p>\n","protected":false},"author":2,"featured_media":0,"comment_status":"open","ping_status":"open","sticky":false,"template":"","format":"standard","meta":{"mf2_syndication":[],"webmentions_disabled_pings":false,"webmentions_disabled":false,"footnotes":""},"categories":[6],"tags":[],"series":[],"class_list":["post-3","post","type-post","status-publish","format-standard","hentry","category-familie","kind-"],"kind":false,"_links":{"self":[{"href":"https:\/\/www.epischel.de\/wordpress\/wp-json\/wp\/v2\/posts\/3","targetHints":{"allow":["GET"]}}],"collection":[{"href":"https:\/\/www.epischel.de\/wordpress\/wp-json\/wp\/v2\/posts"}],"about":[{"href":"https:\/\/www.epischel.de\/wordpress\/wp-json\/wp\/v2\/types\/post"}],"author":[{"embeddable":true,"href":"https:\/\/www.epischel.de\/wordpress\/wp-json\/wp\/v2\/users\/2"}],"replies":[{"embeddable":true,"href":"https:\/\/www.epischel.de\/wordpress\/wp-json\/wp\/v2\/comments?post=3"}],"version-history":[{"count":0,"href":"https:\/\/www.epischel.de\/wordpress\/wp-json\/wp\/v2\/posts\/3\/revisions"}],"wp:attachment":[{"href":"https:\/\/www.epischel.de\/wordpress\/wp-json\/wp\/v2\/media?parent=3"}],"wp:term":[{"taxonomy":"category","embeddable":true,"href":"https:\/\/www.epischel.de\/wordpress\/wp-json\/wp\/v2\/categories?post=3"},{"taxonomy":"post_tag","embeddable":true,"href":"https:\/\/www.epischel.de\/wordpress\/wp-json\/wp\/v2\/tags?post=3"},{"taxonomy":"series","embeddable":true,"href":"https:\/\/www.epischel.de\/wordpress\/wp-json\/wp\/v2\/series?post=3"}],"curies":[{"name":"wp","href":"https:\/\/api.w.org\/{rel}","templated":true}]}}