{"id":41,"date":"2006-01-18T15:58:58","date_gmt":"2006-01-18T14:58:58","guid":{"rendered":"http:\/\/www.epischel.de\/wordpress\/?p=41"},"modified":"2009-10-21T21:27:30","modified_gmt":"2009-10-21T20:27:30","slug":"30-geburtstag","status":"publish","type":"post","link":"https:\/\/www.epischel.de\/wordpress\/2006\/01\/30-geburtstag\/","title":{"rendered":"30. Geburtstag"},"content":{"rendered":"<p>In einem halben Jahr erwischt mich die &#8222;magische&#8220; Zahl 30 &#8211; soviele Lenze z\u00e4hle ich dann. Nachdem meine liebe Frau mir schon das Buch <a href=\"http:\/\/www.amazon.de\/exec\/obidos\/ASIN\/3502144303\">&#8222;Achtung &#8211; fertig &#8211; 30&#8220;<\/a> vom Restposten-Buchh\u00e4ndler <a href=\"http:\/\/www.jokers.de\/\">Jokers<\/a>mitgebracht hat, erschien gestern auf Spiegel-Online ein <a href=\"http:\/\/www.spiegel.de\/unispiegel\/wunderbar\/0,1518,392694,00.html\">Interview<\/a> mit Kulturwissenschaftler Christian Marchetti \u00fcber den 30. Geburtstag. Der Tipp vom &#8222;Experten&#8220;: den Geburtstag gro\u00df feiern. Genau das habe ich auch vor &#8211; wei\u00df allerdings nur noch nicht genau, wie.<\/p>\n<p>Das Buch \u00fcbrigens ist recht lesenswert, auch wenn es manchmal zu sehr aus der Sicht einer Frau geschrieben ist. An einigen Stellen h\u00e4tte ich mir mehr Tiefe gew\u00fcnscht, aber dann w\u00e4re das Buch wohl entsprechend dicker geworden.<\/p>\n<p>Sinnkrise, Ende der Jugend, Verantwortung und \u00e4hnliche Schlagw\u00f6rter&#8230; Hm. Anla\u00df zum Nachdenken ist der 30. schon. Aber im Endeffekt wird es ein Tag wie jeder andere sein. Die Geburt meines Sohnes hat mein Leben sicherlich einschneidender und nachhaltiger beeinflu\u00dft als es der 30. Geburtstag tun wird (Stichwort &#8222;Ende der Jugend&#8220; und &#8222;Verantwortung&#8220;).<\/p>\n<div class=\"syndication-links\"><\/div>","protected":false},"excerpt":{"rendered":"<p>Ich werde 30 &#8211; Literatur dazu.<\/p>\n","protected":false},"author":2,"featured_media":0,"comment_status":"open","ping_status":"open","sticky":false,"template":"","format":"standard","meta":{"mf2_syndication":[],"webmentions_disabled_pings":false,"webmentions_disabled":false,"footnotes":""},"categories":[6],"tags":[23],"series":[],"class_list":["post-41","post","type-post","status-publish","format-standard","hentry","category-familie","tag-bucher","kind-"],"kind":false,"_links":{"self":[{"href":"https:\/\/www.epischel.de\/wordpress\/wp-json\/wp\/v2\/posts\/41","targetHints":{"allow":["GET"]}}],"collection":[{"href":"https:\/\/www.epischel.de\/wordpress\/wp-json\/wp\/v2\/posts"}],"about":[{"href":"https:\/\/www.epischel.de\/wordpress\/wp-json\/wp\/v2\/types\/post"}],"author":[{"embeddable":true,"href":"https:\/\/www.epischel.de\/wordpress\/wp-json\/wp\/v2\/users\/2"}],"replies":[{"embeddable":true,"href":"https:\/\/www.epischel.de\/wordpress\/wp-json\/wp\/v2\/comments?post=41"}],"version-history":[{"count":1,"href":"https:\/\/www.epischel.de\/wordpress\/wp-json\/wp\/v2\/posts\/41\/revisions"}],"predecessor-version":[{"id":136,"href":"https:\/\/www.epischel.de\/wordpress\/wp-json\/wp\/v2\/posts\/41\/revisions\/136"}],"wp:attachment":[{"href":"https:\/\/www.epischel.de\/wordpress\/wp-json\/wp\/v2\/media?parent=41"}],"wp:term":[{"taxonomy":"category","embeddable":true,"href":"https:\/\/www.epischel.de\/wordpress\/wp-json\/wp\/v2\/categories?post=41"},{"taxonomy":"post_tag","embeddable":true,"href":"https:\/\/www.epischel.de\/wordpress\/wp-json\/wp\/v2\/tags?post=41"},{"taxonomy":"series","embeddable":true,"href":"https:\/\/www.epischel.de\/wordpress\/wp-json\/wp\/v2\/series?post=41"}],"curies":[{"name":"wp","href":"https:\/\/api.w.org\/{rel}","templated":true}]}}