{"id":416,"date":"2012-12-29T21:45:50","date_gmt":"2012-12-29T20:45:50","guid":{"rendered":"http:\/\/www.epischel.de\/wordpress\/?p=416"},"modified":"2012-12-29T22:04:48","modified_gmt":"2012-12-29T21:04:48","slug":"zu-weihnachten-gibts-kein-weihnachtsuskram-mehr-zu-kaufen","status":"publish","type":"post","link":"https:\/\/www.epischel.de\/wordpress\/2012\/12\/zu-weihnachten-gibts-kein-weihnachtsuskram-mehr-zu-kaufen\/","title":{"rendered":"Zu Weihnachten gibts kein Weihnachts\u00fc\u00dfkram mehr zu kaufen"},"content":{"rendered":"<p>Es wird ja gerne (und auch zurecht) moniert, dass in den L\u00e4den schon Anfang September die Weihnachtss\u00fc\u00dfigkeiten verkauft werden. Aber wenn&#8217;s die Leute kaufen &#8211; sei&#8217;s drum. Viel schlimmer finde ich aber, dass man kurz vor Weihnachten anscheinend schon so gut wie nichts mehr davon bekommt. Am 22.12. wollte ich im Lidl noch einen Schoko-Weihnachtsmann kaufen &#8211; nichts. Gab&#8217;s keine mehr.<\/p>\n<p><a href=\"http:\/\/www.urbia.de\/forum\/11-allgemeines\/4087778-ostereier-bei-real\/25712276\">Berichte auf Urbia<\/a> best\u00e4tigen, dass dies auch an anderen Orten und in anderen L\u00e4den so war. Ist es wirklich so teuer f\u00fcr die L\u00e4den, dass Zeug bis Weihnachten auf Vorrat zu halten?<\/p>\n<div class=\"syndication-links\"><\/div>","protected":false},"excerpt":{"rendered":"<p>Es wird ja gerne (und auch zurecht) moniert, dass in den L\u00e4den schon Anfang September die Weihnachtss\u00fc\u00dfigkeiten verkauft werden. Aber wenn&#8217;s die Leute kaufen &#8211; sei&#8217;s drum. Viel schlimmer finde ich aber, dass man kurz vor Weihnachten anscheinend schon so gut wie nichts mehr davon bekommt. Am 22.12. wollte ich im Lidl noch einen Schoko-Weihnachtsmann&hellip;<\/p>\n","protected":false},"author":2,"featured_media":0,"comment_status":"open","ping_status":"open","sticky":false,"template":"","format":"standard","meta":{"mf2_syndication":[],"webmentions_disabled_pings":false,"webmentions_disabled":false,"footnotes":""},"categories":[6],"tags":[25,16,40],"series":[],"class_list":["post-416","post","type-post","status-publish","format-standard","hentry","category-familie","tag-das-leben","tag-wirtschaft","tag-wtf","kind-"],"kind":false,"_links":{"self":[{"href":"https:\/\/www.epischel.de\/wordpress\/wp-json\/wp\/v2\/posts\/416","targetHints":{"allow":["GET"]}}],"collection":[{"href":"https:\/\/www.epischel.de\/wordpress\/wp-json\/wp\/v2\/posts"}],"about":[{"href":"https:\/\/www.epischel.de\/wordpress\/wp-json\/wp\/v2\/types\/post"}],"author":[{"embeddable":true,"href":"https:\/\/www.epischel.de\/wordpress\/wp-json\/wp\/v2\/users\/2"}],"replies":[{"embeddable":true,"href":"https:\/\/www.epischel.de\/wordpress\/wp-json\/wp\/v2\/comments?post=416"}],"version-history":[{"count":6,"href":"https:\/\/www.epischel.de\/wordpress\/wp-json\/wp\/v2\/posts\/416\/revisions"}],"predecessor-version":[{"id":420,"href":"https:\/\/www.epischel.de\/wordpress\/wp-json\/wp\/v2\/posts\/416\/revisions\/420"}],"wp:attachment":[{"href":"https:\/\/www.epischel.de\/wordpress\/wp-json\/wp\/v2\/media?parent=416"}],"wp:term":[{"taxonomy":"category","embeddable":true,"href":"https:\/\/www.epischel.de\/wordpress\/wp-json\/wp\/v2\/categories?post=416"},{"taxonomy":"post_tag","embeddable":true,"href":"https:\/\/www.epischel.de\/wordpress\/wp-json\/wp\/v2\/tags?post=416"},{"taxonomy":"series","embeddable":true,"href":"https:\/\/www.epischel.de\/wordpress\/wp-json\/wp\/v2\/series?post=416"}],"curies":[{"name":"wp","href":"https:\/\/api.w.org\/{rel}","templated":true}]}}