{"id":43,"date":"2006-02-14T22:41:50","date_gmt":"2006-02-14T21:41:50","guid":{"rendered":"http:\/\/www.epischel.de\/wordpress\/?p=43"},"modified":"2012-12-12T10:53:09","modified_gmt":"2012-12-12T09:53:09","slug":"private-ahnenforschung-wieder-online","status":"publish","type":"post","link":"https:\/\/www.epischel.de\/wordpress\/2006\/02\/private-ahnenforschung-wieder-online\/","title":{"rendered":"Private Ahnenforschung wieder online"},"content":{"rendered":"<p>Ich habe die <a href=\"\/ahnen.html\">Seite zu meiner privaten Ahnenforschung<\/a> wieder online geschaltet.<\/p>\n<p>Prim\u00e4rquelle daf\u00fcr ist der sog. <a href=\"http:\/\/de.wikipedia.org\/wiki\/Ahnenpass\">Ahnenpass<\/a> meiner Mutter sowie \u00e4hnliche Infos zu der Mutter meines Vaters. Der Rassenwahn der Nationalsozialisten hat mir hier sozusagen den Einstieg erleichtert. Ich kann meine Ahnenlinie bis in die 1. H\u00e4lfte des 19. Jahrhunderts zur\u00fcckfolgen.<\/p>\n<p>Die meisten Ahnen m\u00fctterlicherseits kommen aus Halle\/Saale und Umgebung. Die m\u00fctterliche Linie meines Vaters stammt aus dem sog. Sudentenland, heute Tschechien. Nur meinen Familiennamen kann ich am wenigsten zur\u00fcckfolgen &#8211; da reicht es nur bis zu meinem fr\u00fchverstorbenen Gro\u00dfvater.<\/p>\n<p>N\u00e4chste Anlaufstelle ist wohl <a href=\"http:\/\/www.familysearch.org\/\">Family Search<\/a> &#8211; die Mormonen haben viele Kirchenb\u00fccher auf Mikrofilm, die man in sog. &#8222;Family History Center&#8220; einsehen kann.<\/p>\n<p>Interessant ist auch die Verteilung der Familiennamen in Deutschland. Mannchmal kann man da schon erkennen, woher die Ahnen stammen. <a href=\"http:\/\/christoph.stoepel.net\/geogen.aspx\">Geogen<\/a> zeigt die Verteilung (Tipp: &#8222;relative Darstellung&#8220; w\u00e4hlen) und steht f\u00fcr &#8222;geographische Genealogie&#8220; oder ortsbezogene Ahnenforschung.<\/p>\n<div class=\"syndication-links\"><\/div>","protected":false},"excerpt":{"rendered":"<p>Ich habe die Seite zu meiner privaten Ahnenforschung wieder online geschaltet. Prim\u00e4rquelle daf\u00fcr ist der sog. Ahnenpass meiner Mutter sowie \u00e4hnliche Infos zu der Mutter meines Vaters. Der Rassenwahn der Nationalsozialisten hat mir hier sozusagen den Einstieg erleichtert. Ich kann meine Ahnenlinie bis in die 1. H\u00e4lfte des 19. Jahrhunderts zur\u00fcckfolgen. Die meisten Ahnen m\u00fctterlicherseits&hellip;<\/p>\n","protected":false},"author":2,"featured_media":0,"comment_status":"open","ping_status":"open","sticky":false,"template":"","format":"standard","meta":{"mf2_syndication":[],"webmentions_disabled_pings":false,"webmentions_disabled":false,"footnotes":""},"categories":[22],"tags":[125,124],"series":[],"class_list":["post-43","post","type-post","status-publish","format-standard","hentry","category-ahnenforschung","tag-ahnenforschung","tag-web","kind-"],"kind":false,"_links":{"self":[{"href":"https:\/\/www.epischel.de\/wordpress\/wp-json\/wp\/v2\/posts\/43","targetHints":{"allow":["GET"]}}],"collection":[{"href":"https:\/\/www.epischel.de\/wordpress\/wp-json\/wp\/v2\/posts"}],"about":[{"href":"https:\/\/www.epischel.de\/wordpress\/wp-json\/wp\/v2\/types\/post"}],"author":[{"embeddable":true,"href":"https:\/\/www.epischel.de\/wordpress\/wp-json\/wp\/v2\/users\/2"}],"replies":[{"embeddable":true,"href":"https:\/\/www.epischel.de\/wordpress\/wp-json\/wp\/v2\/comments?post=43"}],"version-history":[{"count":2,"href":"https:\/\/www.epischel.de\/wordpress\/wp-json\/wp\/v2\/posts\/43\/revisions"}],"predecessor-version":[{"id":388,"href":"https:\/\/www.epischel.de\/wordpress\/wp-json\/wp\/v2\/posts\/43\/revisions\/388"}],"wp:attachment":[{"href":"https:\/\/www.epischel.de\/wordpress\/wp-json\/wp\/v2\/media?parent=43"}],"wp:term":[{"taxonomy":"category","embeddable":true,"href":"https:\/\/www.epischel.de\/wordpress\/wp-json\/wp\/v2\/categories?post=43"},{"taxonomy":"post_tag","embeddable":true,"href":"https:\/\/www.epischel.de\/wordpress\/wp-json\/wp\/v2\/tags?post=43"},{"taxonomy":"series","embeddable":true,"href":"https:\/\/www.epischel.de\/wordpress\/wp-json\/wp\/v2\/series?post=43"}],"curies":[{"name":"wp","href":"https:\/\/api.w.org\/{rel}","templated":true}]}}