{"id":616,"date":"2014-08-19T17:30:54","date_gmt":"2014-08-19T15:30:54","guid":{"rendered":"http:\/\/www.epischel.de\/wordpress\/?p=616"},"modified":"2014-08-19T15:43:11","modified_gmt":"2014-08-19T13:43:11","slug":"manche-karrieren-enden-jaeh","status":"publish","type":"post","link":"https:\/\/www.epischel.de\/wordpress\/2014\/08\/manche-karrieren-enden-jaeh\/","title":{"rendered":"Manche Karrieren enden j\u00e4h"},"content":{"rendered":"<p>Im Buch &#8222;angepasst &amp; ausgebrannt&#8220; von Thomas Leif (Thomas Leif, &#8222;Angepasst und ausgebrannt&#8220;, M\u00fcnchen 2010) berichtet die Journalistin Tina Groll von ihrem &#8222;Selbstversuch&#8220;, der Bremer CDU beizutreten (<a title=\"Tina Groll, &quot;Der lange Weg nach oben&quot;\" href=\"http:\/\/www.sueddeutsche.de\/politik\/parteien-der-lange-weg-nach-oben-1.443109\">Ver\u00f6ffentlichung auf sueddeutsche.de<\/a>). Dabei trifft sie auf Malte Engelmann, den damaligen stellvertretenden Vorsitzenden der Jungen Union und kommt mit ihn in engeren Kontakt.<\/p>\n<p>Die Karriereplanung des Jungpolitikers ist langfristig:<\/p>\n<blockquote><p>Mit knapp 18 in die Partei, jetzt ist er 29 &#8211; mehr als elf Jahre Politausbildung liegen hinter ihm. Elf Jahre sind eine lange Zeit &#8211; und bis er auch als Abgeordneter in die Bremische B\u00fcrgerschaft einziehen kann, k\u00f6nnen noch ein paar mehr Jahre vergehen.<\/p><\/blockquote>\n<p>Immerhin stellvertretender Vorsitzender der JU, aber schon mehr als 10 Jahre in der Politik und immer noch kein Abgeordneter. Wenn ich z.B. die etwa gleichaltrige Jana Schimke von der Brandenburger CDU ansehe: 2003 in die CDU eingetreten, seit 2013 Bundestagsabgeordnete.<\/p>\n<p>Aber irgendwas muss schon rausspringen, wenn man soviel Zeit investiert:<\/p>\n<blockquote><p>Malte hat zudem viele Schulungen bei der Konrad-Adenauer-Stiftung gemacht, das sei nun mal wichtig f\u00fcr eine politische Laufbahn. Und irgendwann wolle man etwas davon haben. &#8222;Es kommt einfach der Punkt, an dem man sich fragt: Warum tue ich das? Ich glaube, so viel Idealismus hat niemand, sich all das abzuverlangen und dann nicht mehr zu wollen.&#8220;<\/p><\/blockquote>\n<p>Noch w\u00e4hrend Grolls &#8222;Selbstversuchs&#8220; r\u00fcckt er auf zum Vorsitzenden der Jungen Union in Bremen.<\/p>\n<p>Was ist heute aus Malte Engelmanns Karriere geworden? Sitzt er inzwischen in der Bremer B\u00fcrgerschaft?<\/p>\n<p>Nein. Ein satirisch gemeinter Blog-Post mit Nazi-Bezug reichte, um die Karriere zu beenden.<\/p>\n<p>Was ist passiert? Die CDU-Bremen veranstaltete 2011 ein Iftar-Mahl (Fastenbrechen) mit Muslimen. Es gab Kritik seitens CDU-Mitgliedern. <a href=\"http:\/\/www.taz.de\/!76921\/\">Die taz fasst zusammen<\/a>:<\/p>\n<blockquote><p>Engelmann fand [die Kritik] vollkommen daneben. Und schrieb in seinem Blog &#8211; eine Glosse. &#8222;Jetzt sagt die Tante Siegrid: Heiko [Strohmann, Fraktionsvize], das hat 3.000 \u20ac gekostet, das geht so nicht&#8220;, hei\u00dft es darin, &#8222;nicht f\u00fcr den Islam&#8220;. Nicht allein etwas plumpe Ironie-Marker wie die Benennung &#8222;Tante Siegrid&#8220; machen den satirischen Charakter des Textes nahezu penetrant. Aber offenkundig ist der Verfasser an genau diesem Bem\u00fchen um Deutlichkeit gescheitert &#8211; beim Titel. Der lautet &#8222;Deutsche kauft nicht beim Juden!!! \u00c4h, ich mein: Heiko!!! Koch nicht f\u00fcr den Muselmann!!!&#8220; Als Transformation des historischen antisemitischen Hetzappells war der ironische Aufruf an den Parteifreund also deutlich kenntlich gemacht.<\/p><\/blockquote>\n<p>Doch Malte Engelmann wurde von der Presse zum Vorwurf gemacht, Nazi-Parolen zu verbreiten, die Ironie komplett ignorierend. Die CDU reagiert &#8222;entsetzt&#8220;, er trat zur\u00fcck.<\/p>\n<p>Ein einzelner, missverst\u00e4ndlicher Blog-Post reicht also und die Karriere ist dahin. <a href=\"http:\/\/www.taz.de\/CDU\/!77383\/\">Hier noch ein Interview mit dem Zur\u00fcckgetretenen.<\/a> Trotz allem will er in der CDU bleiben.<\/p>\n<div class=\"syndication-links\"><\/div>","protected":false},"excerpt":{"rendered":"<p>Im Buch &#8222;angepasst &amp; ausgebrannt&#8220; von Thomas Leif (Thomas Leif, &#8222;Angepasst und ausgebrannt&#8220;, M\u00fcnchen 2010) berichtet die Journalistin Tina Groll von ihrem &#8222;Selbstversuch&#8220;, der Bremer CDU beizutreten (Ver\u00f6ffentlichung auf sueddeutsche.de). Dabei trifft sie auf Malte Engelmann, den damaligen stellvertretenden Vorsitzenden der Jungen Union und kommt mit ihn in engeren Kontakt. Die Karriereplanung des Jungpolitikers ist&hellip;<\/p>\n","protected":false},"author":2,"featured_media":0,"comment_status":"open","ping_status":"open","sticky":false,"template":"","format":"standard","meta":{"mf2_syndication":[],"webmentions_disabled_pings":false,"webmentions_disabled":false,"footnotes":""},"categories":[36,4],"tags":[19],"series":[],"class_list":["post-616","post","type-post","status-publish","format-standard","hentry","category-buecher","category-medien","tag-politik","kind-"],"kind":false,"_links":{"self":[{"href":"https:\/\/www.epischel.de\/wordpress\/wp-json\/wp\/v2\/posts\/616","targetHints":{"allow":["GET"]}}],"collection":[{"href":"https:\/\/www.epischel.de\/wordpress\/wp-json\/wp\/v2\/posts"}],"about":[{"href":"https:\/\/www.epischel.de\/wordpress\/wp-json\/wp\/v2\/types\/post"}],"author":[{"embeddable":true,"href":"https:\/\/www.epischel.de\/wordpress\/wp-json\/wp\/v2\/users\/2"}],"replies":[{"embeddable":true,"href":"https:\/\/www.epischel.de\/wordpress\/wp-json\/wp\/v2\/comments?post=616"}],"version-history":[{"count":5,"href":"https:\/\/www.epischel.de\/wordpress\/wp-json\/wp\/v2\/posts\/616\/revisions"}],"predecessor-version":[{"id":621,"href":"https:\/\/www.epischel.de\/wordpress\/wp-json\/wp\/v2\/posts\/616\/revisions\/621"}],"wp:attachment":[{"href":"https:\/\/www.epischel.de\/wordpress\/wp-json\/wp\/v2\/media?parent=616"}],"wp:term":[{"taxonomy":"category","embeddable":true,"href":"https:\/\/www.epischel.de\/wordpress\/wp-json\/wp\/v2\/categories?post=616"},{"taxonomy":"post_tag","embeddable":true,"href":"https:\/\/www.epischel.de\/wordpress\/wp-json\/wp\/v2\/tags?post=616"},{"taxonomy":"series","embeddable":true,"href":"https:\/\/www.epischel.de\/wordpress\/wp-json\/wp\/v2\/series?post=616"}],"curies":[{"name":"wp","href":"https:\/\/api.w.org\/{rel}","templated":true}]}}