{"id":659,"date":"2015-02-02T19:09:06","date_gmt":"2015-02-02T18:09:06","guid":{"rendered":"http:\/\/www.epischel.de\/wordpress\/?p=659"},"modified":"2015-02-03T08:46:17","modified_gmt":"2015-02-03T07:46:17","slug":"fotos-urheberrecht-und-soziale-medien","status":"publish","type":"post","link":"https:\/\/www.epischel.de\/wordpress\/2015\/02\/fotos-urheberrecht-und-soziale-medien\/","title":{"rendered":"Fotos, Urheberrecht, Strafrecht und Soziale Medien"},"content":{"rendered":"<p>Jan B\u00f6hmermann hat auf Twitter ein bekanntes Foto einer Person w\u00e4hrend der Ausschreitungen 1992 in Rostock-Lichtenhagen gepostet hat und sich daf\u00fcr eine Abmahnung durch den Fotografen eingefangen. <a href=\"https:\/\/netzpolitik.org\/2015\/die-boehmermann-debatte-zum-urheberrecht-eine-kurze-rundschau\/\">Eine Zusammenfassung der Ereignisse gibt&#8217;s auf netzpolititk.org.<\/a><\/p>\n<p>Dies hat mich f\u00fcr das Urheberrecht insbesondere von Fotos sensibilisiert. Jedes Foto ist urheberrechtlich gesch\u00fctzt (im Gegensatz zu Texten). Es war micht durchaus bewu\u00dft, f\u00fcr die &#8222;Bebilderung&#8220; eines Blogeintrags entsprechend lizensierte Fotos zu verwenden. <strong>Aber wenn ich mir f\u00fcr einen Retweet oder das Teilen eines Bildes auch eine Abmahnung einfangen kann, die mit mehreren 1000\u20ac bewehrt ist, na dann lasse ich das in Zukunft lieber ganz. <\/strong>Theoretisch k\u00f6nnte man versuchen herauszufinden, unter welcher Lizenz das Foto ver\u00f6ffentlicht ist und ggf. den Fotografen um Erlaubnis fragen. Aber <a href=\"http:\/\/schmalenstroer.net\/blog\/2015\/02\/der-versuch-ein-bild-zu-lizenzieren\/\">das ist aufwendig<\/a> und damit f\u00fcr einen Tweet- oder sonstigen Social Media Post einer Privatperson unrealistisch.<\/p>\n<p>In dieser Richtung habe ich auch bei erw\u00e4hntem Netzpolitik.org Beitrag in den Kommentaren <a href=\"https:\/\/netzpolitik.org\/2015\/die-boehmermann-debatte-zum-urheberrecht-eine-kurze-rundschau\/#comment-1702946\">nachgefragt<\/a>. Antwort: nichts genaues wei\u00df man nicht, da gibt es keinen Pr\u00e4zidenzfall. F\u00fcr das reine Retweeten eines Fotos ist anscheinend noch niemand abgemahnt worde, daher: wenn, dann so.<\/p>\n<p>Ich finde das irgendwie unbefriedigend.<\/p>\n<p>Interessant am Rande: das kommerzielle Medium ist ausschlaggebend f\u00fcr die H\u00f6he der Abmahnung, nicht die Reichweite, <a href=\"https:\/\/netzpolitik.org\/2015\/die-boehmermann-debatte-zum-urheberrecht-eine-kurze-rundschau\/#comment-1703064\">behauptet ein Kommentator<\/a>. Also besser auf Diaspora \u00f6ffentlich &#8222;weitersagen&#8220;, als im kleinen Kreis auf Twitter retweeten, oder wie?<\/p>\n<p><strong>Update: <\/strong>Hinzu kommt eine aktuelle <strong>\u00c4nderung des Strafrechts <\/strong>im Zuge der Edathy-Aff\u00e4re (<a href=\"http:\/\/www.bundesanzeiger-verlag.de\/fileadmin\/Betrifft-Recht\/Dokumente\/edrucksachen\/pdf\/bgbl115s0010.pdf\">PDF<\/a>). Strafbar ist es jetzt,<\/p>\n<ol>\n<li>Fotos von nackten Kindern zu verkaufen<\/li>\n<li>Fotos zu machen oder zu verbreiten, die &#8222;die Hilflosigkeit einer anderen Person zur Schau stellt&#8220;<\/li>\n<li>Fotos zu verbreiten, die &#8222;die geeignet ist, dem Ansehen der abgebildeten Person erheblich zu schaden&#8220;<\/li>\n<\/ol>\n<p>Punkt (2) betrifft z.B. <strong>Partybilder von Betrunkenen<\/strong>. Punkt (3) ist recht abstrakt. In jedem Einzelfall ist neu zu entscheiden, ob dem Ansehen der betreffenden Person durch das Foto erheblich (!) geschadet wird.<\/p>\n<p>Ausnahmen sind auch hier etwa Kunst, Berichte zum Zeitgeschehen und Wissenschaft\/Forschung\/Lehre.<\/p>\n<p><a href=\"http:\/\/www.spiegel.de\/netzwelt\/web\/partyfotos-und-nacktbilder-was-jetzt-verboten-ist-und-was-nicht-a-1016240.html\">SPON hat einen erl\u00e4uternden Artikel dazu.<\/a><\/p>\n<div class=\"syndication-links\"><\/div>","protected":false},"excerpt":{"rendered":"<p>Jan B\u00f6hmermann hat auf Twitter ein bekanntes Foto einer Person w\u00e4hrend der Ausschreitungen 1992 in Rostock-Lichtenhagen gepostet hat und sich daf\u00fcr eine Abmahnung durch den Fotografen eingefangen. Eine Zusammenfassung der Ereignisse gibt&#8217;s auf netzpolititk.org. Dies hat mich f\u00fcr das Urheberrecht insbesondere von Fotos sensibilisiert. Jedes Foto ist urheberrechtlich gesch\u00fctzt (im Gegensatz zu Texten). Es war&hellip;<\/p>\n","protected":false},"author":2,"featured_media":0,"comment_status":"open","ping_status":"open","sticky":false,"template":"","format":"standard","meta":{"mf2_syndication":[],"webmentions_disabled_pings":false,"webmentions_disabled":false,"footnotes":""},"categories":[7],"tags":[106,105,93,104],"series":[],"class_list":["post-659","post","type-post","status-publish","format-standard","hentry","category-web","tag-fotos","tag-soziale-medien","tag-twitter","tag-urheberrecht","kind-"],"kind":false,"_links":{"self":[{"href":"https:\/\/www.epischel.de\/wordpress\/wp-json\/wp\/v2\/posts\/659","targetHints":{"allow":["GET"]}}],"collection":[{"href":"https:\/\/www.epischel.de\/wordpress\/wp-json\/wp\/v2\/posts"}],"about":[{"href":"https:\/\/www.epischel.de\/wordpress\/wp-json\/wp\/v2\/types\/post"}],"author":[{"embeddable":true,"href":"https:\/\/www.epischel.de\/wordpress\/wp-json\/wp\/v2\/users\/2"}],"replies":[{"embeddable":true,"href":"https:\/\/www.epischel.de\/wordpress\/wp-json\/wp\/v2\/comments?post=659"}],"version-history":[{"count":5,"href":"https:\/\/www.epischel.de\/wordpress\/wp-json\/wp\/v2\/posts\/659\/revisions"}],"predecessor-version":[{"id":677,"href":"https:\/\/www.epischel.de\/wordpress\/wp-json\/wp\/v2\/posts\/659\/revisions\/677"}],"wp:attachment":[{"href":"https:\/\/www.epischel.de\/wordpress\/wp-json\/wp\/v2\/media?parent=659"}],"wp:term":[{"taxonomy":"category","embeddable":true,"href":"https:\/\/www.epischel.de\/wordpress\/wp-json\/wp\/v2\/categories?post=659"},{"taxonomy":"post_tag","embeddable":true,"href":"https:\/\/www.epischel.de\/wordpress\/wp-json\/wp\/v2\/tags?post=659"},{"taxonomy":"series","embeddable":true,"href":"https:\/\/www.epischel.de\/wordpress\/wp-json\/wp\/v2\/series?post=659"}],"curies":[{"name":"wp","href":"https:\/\/api.w.org\/{rel}","templated":true}]}}