{"id":664,"date":"2015-02-02T19:13:22","date_gmt":"2015-02-02T18:13:22","guid":{"rendered":"http:\/\/www.epischel.de\/wordpress\/?p=664"},"modified":"2015-02-02T14:23:23","modified_gmt":"2015-02-02T13:23:23","slug":"dezentrales-netz","status":"publish","type":"post","link":"https:\/\/www.epischel.de\/wordpress\/2015\/02\/dezentrales-netz\/","title":{"rendered":"Dezentrales Netz"},"content":{"rendered":"<p>Schon l\u00e4nger in einem Browser-Tab ge\u00f6ffnet: <a href=\"https:\/\/indiewebcamp.com\/\">IndieWebCamp<\/a> &#8211; das IndieWeb als Umschreibung f\u00fcr &#8222;Meine Daten geh\u00f6ren mir&#8220;, also eine eigene Homepage, Blog etc.<\/p>\n<p>Passend in gleicher Angelegenheit zuf\u00e4llig einen Blogpost gefunden: <a href=\"http:\/\/schmalenstroer.net\/blog\/2015\/01\/das-dezentrale-netz-ein-zwischenbericht\/\">Das dezentrale Netz. Ein Zwischenbericht.<\/a><\/p>\n<div class=\"syndication-links\"><\/div>","protected":false},"excerpt":{"rendered":"<p>Schon l\u00e4nger in einem Browser-Tab ge\u00f6ffnet: IndieWebCamp &#8211; das IndieWeb als Umschreibung f\u00fcr &#8222;Meine Daten geh\u00f6ren mir&#8220;, also eine eigene Homepage, Blog etc. Passend in gleicher Angelegenheit zuf\u00e4llig einen Blogpost gefunden: Das dezentrale Netz. Ein Zwischenbericht.<\/p>\n","protected":false},"author":2,"featured_media":0,"comment_status":"open","ping_status":"open","sticky":false,"template":"","format":"link","meta":{"mf2_syndication":[],"webmentions_disabled_pings":false,"webmentions_disabled":false,"footnotes":""},"categories":[7],"tags":[108,107],"series":[],"class_list":["post-664","post","type-post","status-publish","format-link","hentry","category-web","tag-hosting","tag-indieweb","post_format-post-format-link","kind-"],"kind":false,"_links":{"self":[{"href":"https:\/\/www.epischel.de\/wordpress\/wp-json\/wp\/v2\/posts\/664","targetHints":{"allow":["GET"]}}],"collection":[{"href":"https:\/\/www.epischel.de\/wordpress\/wp-json\/wp\/v2\/posts"}],"about":[{"href":"https:\/\/www.epischel.de\/wordpress\/wp-json\/wp\/v2\/types\/post"}],"author":[{"embeddable":true,"href":"https:\/\/www.epischel.de\/wordpress\/wp-json\/wp\/v2\/users\/2"}],"replies":[{"embeddable":true,"href":"https:\/\/www.epischel.de\/wordpress\/wp-json\/wp\/v2\/comments?post=664"}],"version-history":[{"count":1,"href":"https:\/\/www.epischel.de\/wordpress\/wp-json\/wp\/v2\/posts\/664\/revisions"}],"predecessor-version":[{"id":665,"href":"https:\/\/www.epischel.de\/wordpress\/wp-json\/wp\/v2\/posts\/664\/revisions\/665"}],"wp:attachment":[{"href":"https:\/\/www.epischel.de\/wordpress\/wp-json\/wp\/v2\/media?parent=664"}],"wp:term":[{"taxonomy":"category","embeddable":true,"href":"https:\/\/www.epischel.de\/wordpress\/wp-json\/wp\/v2\/categories?post=664"},{"taxonomy":"post_tag","embeddable":true,"href":"https:\/\/www.epischel.de\/wordpress\/wp-json\/wp\/v2\/tags?post=664"},{"taxonomy":"series","embeddable":true,"href":"https:\/\/www.epischel.de\/wordpress\/wp-json\/wp\/v2\/series?post=664"}],"curies":[{"name":"wp","href":"https:\/\/api.w.org\/{rel}","templated":true}]}}