{"id":68,"date":"2007-04-27T13:27:29","date_gmt":"2007-04-27T12:27:29","guid":{"rendered":"http:\/\/www.epischel.de\/wordpress\/?p=68"},"modified":"2009-10-21T21:18:30","modified_gmt":"2009-10-21T20:18:30","slug":"betreuungsschlussel-fur-kitas-in-berlin","status":"publish","type":"post","link":"https:\/\/www.epischel.de\/wordpress\/2007\/04\/betreuungsschlussel-fur-kitas-in-berlin\/","title":{"rendered":"Betreuungsschl\u00fcssel f\u00fcr Kitas in Berlin"},"content":{"rendered":"<p>In der ZEIT stand letztens ein Artikel, in dem erw\u00e4hnt wird, dass der <strong>&#8222;ideale&#8220; Betreuungsschl\u00fcssel<\/strong> f\u00fcr Kinder von 0-2 Jahre 3 pro Erzieher und f\u00fcr Kinder von 2-3 Jahre 5 Kinder pro Erzieher sei.<\/p>\n<p>Die Leiterin &#8222;unserer&#8220; Kita hat mir den dortigen Schl\u00fcssel genannt, er ist in Berlin f\u00fcr Kindertagesst\u00e4tten <strong>gesetzlich<\/strong> im <a href=\"http:\/\/www.berlin.de\/imperia\/md\/content\/sen-familie\/rechtsvorschriften\/kitafoeg.pdf\">Kindertagesbetreuungsreformgesetz<\/a> geregelt. Dort steht unter \u00a7 11:<\/p>\n<p>(2) Bei der Personalbemessung f\u00fcr das sozialp\u00e4dagogische Fachpersonal<br \/>\nsollen folgende Grunds\u00e4tze gelten:<br \/>\n1. 38,5 Wochenarbeitsstunden p\u00e4dagogischen Fachpersonals sind<br \/>\nvorzusehen<br \/>\na) bei Kindern <strong>vor Vollendung des zweiten Lebensjahres<\/strong><\/p>\n<ul>\n<li>f\u00fcr jeweils <strong>sechs Kinder<\/strong> bei Ganztagsf\u00f6rderung,<\/li>\n<li>f\u00fcr jeweils sieben Kinder bei Teilzeitf\u00f6rderung,<\/li>\n<li>f\u00fcr jeweils neun Kinder bei Halbtagsf\u00f6rderung;<\/li>\n<\/ul>\n<p>b) bei Kindern <strong>nach Vollendung des zweiten und vor Vollendung<br \/>\ndes dritten Lebensjahres<\/strong><\/p>\n<ul>\n<li>f\u00fcr jeweils <strong>sieben Kinder<\/strong> bei Ganztagsf\u00f6rderung,<\/li>\n<li>f\u00fcr jeweils acht Kinder bei Teilzeitf\u00f6rderung,<\/li>\n<li>f\u00fcr jeweils zehn Kinder bei Halbtagsf\u00f6rderung;<\/li>\n<\/ul>\n<p>c) bei Kindern <strong>nach Vollendung des dritten Lebensjahres<\/strong> bis<br \/>\nzum Schuleintritt<\/p>\n<ul>\n<li>f\u00fcr jeweils <strong>zehn Kinder<\/strong> bei Ganztagsf\u00f6rderung,<\/li>\n<li>f\u00fcr jeweils zw\u00f6lf Kinder bei Teilzeitf\u00f6rderung,<\/li>\n<li>f\u00fcr jeweils 15 Kinder bei Halbtagsf\u00f6rderung.<\/li>\n<\/ul>\n<p>2. F\u00fcr Kinder, die l\u00e4nger als neun Stunden gef\u00f6rdert werden, sind<br \/>\nPersonalzuschl\u00e4ge zu gew\u00e4hren.<br \/>\n3. Zus\u00e4tzliches sozialp\u00e4dagogisches Personal soll insbesondere zur<br \/>\nVerf\u00fcgung gestellt werden f\u00fcr<br \/>\na) die F\u00f6rderung von Kindern mit Behinderungen,<br \/>\nb) die F\u00f6rderung von Kindern nichtdeutscher Herkunftssprache<br \/>\nin Tageseinrichtungen mit einem \u00fcberdurchschnittlichen<br \/>\nAnteil dieser Kinder,<br \/>\nc) Kinder, die in ung\u00fcnstigen wirtschaftlichen Verh\u00e4ltnissen<br \/>\nund in Wohngebieten mit sozial benachteiligenden Bedingungen<br \/>\nleben.<\/p>\n<p>(Gesetzestext Ende)<\/p>\n<p>Darin enthalten sind bereits alle Ausfallzeiten, d. h. <strong>es gibt keine Urlaubs- oder Krankheitsvertretungen<\/strong>!<\/p>\n<div class=\"syndication-links\"><\/div>","protected":false},"excerpt":{"rendered":"<p>In der ZEIT stand letztens ein Artikel, in dem erw\u00e4hnt wird, dass der &#8222;ideale&#8220; Betreuungsschl\u00fcssel f\u00fcr Kinder von 0-2 Jahre 3 pro Erzieher und f\u00fcr Kinder von 2-3 Jahre 5 Kinder pro Erzieher sei. Die Leiterin &#8222;unserer&#8220; Kita hat mir den dortigen Schl\u00fcssel genannt, er ist in Berlin f\u00fcr Kindertagesst\u00e4tten gesetzlich im Kindertagesbetreuungsreformgesetz geregelt. Dort&hellip;<\/p>\n","protected":false},"author":2,"featured_media":0,"comment_status":"open","ping_status":"open","sticky":false,"template":"","format":"standard","meta":{"mf2_syndication":[],"webmentions_disabled_pings":false,"webmentions_disabled":false,"footnotes":""},"categories":[6],"tags":[18,19],"series":[],"class_list":["post-68","post","type-post","status-publish","format-standard","hentry","category-familie","tag-kinder","tag-politik","kind-"],"kind":false,"_links":{"self":[{"href":"https:\/\/www.epischel.de\/wordpress\/wp-json\/wp\/v2\/posts\/68","targetHints":{"allow":["GET"]}}],"collection":[{"href":"https:\/\/www.epischel.de\/wordpress\/wp-json\/wp\/v2\/posts"}],"about":[{"href":"https:\/\/www.epischel.de\/wordpress\/wp-json\/wp\/v2\/types\/post"}],"author":[{"embeddable":true,"href":"https:\/\/www.epischel.de\/wordpress\/wp-json\/wp\/v2\/users\/2"}],"replies":[{"embeddable":true,"href":"https:\/\/www.epischel.de\/wordpress\/wp-json\/wp\/v2\/comments?post=68"}],"version-history":[{"count":3,"href":"https:\/\/www.epischel.de\/wordpress\/wp-json\/wp\/v2\/posts\/68\/revisions"}],"predecessor-version":[{"id":204,"href":"https:\/\/www.epischel.de\/wordpress\/wp-json\/wp\/v2\/posts\/68\/revisions\/204"}],"wp:attachment":[{"href":"https:\/\/www.epischel.de\/wordpress\/wp-json\/wp\/v2\/media?parent=68"}],"wp:term":[{"taxonomy":"category","embeddable":true,"href":"https:\/\/www.epischel.de\/wordpress\/wp-json\/wp\/v2\/categories?post=68"},{"taxonomy":"post_tag","embeddable":true,"href":"https:\/\/www.epischel.de\/wordpress\/wp-json\/wp\/v2\/tags?post=68"},{"taxonomy":"series","embeddable":true,"href":"https:\/\/www.epischel.de\/wordpress\/wp-json\/wp\/v2\/series?post=68"}],"curies":[{"name":"wp","href":"https:\/\/api.w.org\/{rel}","templated":true}]}}