{"id":69,"date":"2007-06-04T17:12:57","date_gmt":"2007-06-04T15:12:57","guid":{"rendered":"http:\/\/www.epischel.de\/wordpress\/?p=69"},"modified":"2012-04-09T11:35:24","modified_gmt":"2012-04-09T10:35:24","slug":"wassermangel-in-brandenburg","status":"publish","type":"post","link":"https:\/\/www.epischel.de\/wordpress\/2007\/06\/wassermangel-in-brandenburg\/","title":{"rendered":"Wassermangel in Brandenburg"},"content":{"rendered":"<p>Laut einem <a href=\"http:\/\/www.maerkischeallgemeine.de\/cms\/beitrag\/10945556\/61129\/\">Bericht<\/a> der M\u00e4rkischen Allgemeinen sinkt der Grundwasserspiegel j\u00e4hrlich um 3 Zentimeter und die Niederschlagsmenge geht bei stetig steigenden Durchschnittstemperaturen zur\u00fcck.<\/p>\n<p>Anlass des Berichts war eine Podiumsdikussion im Zuge des 21. Umweltsonntags am 03.06.2007. Besorgnis \u00e4u\u00dferten die Teilnehmer hinsichtlich des Netto-Abflu\u00dfes von Wasser aus der Region (vor allem im Zuge der Brauchwasser-Ableitung in die Havel) und der Zunahme von D\u00fcrren und Starkregen.<\/p>\n<div class=\"syndication-links\"><\/div>","protected":false},"excerpt":{"rendered":"<p>Laut einem Bericht der M\u00e4rkischen Allgemeinen sinkt der Grundwasserspiegel j\u00e4hrlich um 3 Zentimeter und die Niederschlagsmenge geht bei stetig steigenden Durchschnittstemperaturen zur\u00fcck. Anlass des Berichts war eine Podiumsdikussion im Zuge des 21. Umweltsonntags am 03.06.2007. Besorgnis \u00e4u\u00dferten die Teilnehmer hinsichtlich des Netto-Abflu\u00dfes von Wasser aus der Region (vor allem im Zuge der Brauchwasser-Ableitung in die&hellip;<\/p>\n","protected":false},"author":2,"featured_media":0,"comment_status":"open","ping_status":"open","sticky":false,"template":"","format":"standard","meta":{"mf2_syndication":[],"webmentions_disabled_pings":false,"webmentions_disabled":false,"footnotes":""},"categories":[4],"tags":[33],"series":[],"class_list":["post-69","post","type-post","status-publish","format-standard","hentry","category-medien","tag-umwelt","kind-"],"kind":false,"_links":{"self":[{"href":"https:\/\/www.epischel.de\/wordpress\/wp-json\/wp\/v2\/posts\/69","targetHints":{"allow":["GET"]}}],"collection":[{"href":"https:\/\/www.epischel.de\/wordpress\/wp-json\/wp\/v2\/posts"}],"about":[{"href":"https:\/\/www.epischel.de\/wordpress\/wp-json\/wp\/v2\/types\/post"}],"author":[{"embeddable":true,"href":"https:\/\/www.epischel.de\/wordpress\/wp-json\/wp\/v2\/users\/2"}],"replies":[{"embeddable":true,"href":"https:\/\/www.epischel.de\/wordpress\/wp-json\/wp\/v2\/comments?post=69"}],"version-history":[{"count":3,"href":"https:\/\/www.epischel.de\/wordpress\/wp-json\/wp\/v2\/posts\/69\/revisions"}],"predecessor-version":[{"id":200,"href":"https:\/\/www.epischel.de\/wordpress\/wp-json\/wp\/v2\/posts\/69\/revisions\/200"}],"wp:attachment":[{"href":"https:\/\/www.epischel.de\/wordpress\/wp-json\/wp\/v2\/media?parent=69"}],"wp:term":[{"taxonomy":"category","embeddable":true,"href":"https:\/\/www.epischel.de\/wordpress\/wp-json\/wp\/v2\/categories?post=69"},{"taxonomy":"post_tag","embeddable":true,"href":"https:\/\/www.epischel.de\/wordpress\/wp-json\/wp\/v2\/tags?post=69"},{"taxonomy":"series","embeddable":true,"href":"https:\/\/www.epischel.de\/wordpress\/wp-json\/wp\/v2\/series?post=69"}],"curies":[{"name":"wp","href":"https:\/\/api.w.org\/{rel}","templated":true}]}}