{"id":705,"date":"2015-04-24T20:05:40","date_gmt":"2015-04-24T18:05:40","guid":{"rendered":"http:\/\/www.epischel.de\/wordpress\/?p=705"},"modified":"2015-04-24T14:51:14","modified_gmt":"2015-04-24T12:51:14","slug":"der-sinn-des-lebens-in-5-minuten","status":"publish","type":"post","link":"https:\/\/www.epischel.de\/wordpress\/2015\/04\/der-sinn-des-lebens-in-5-minuten\/","title":{"rendered":"Der Sinn des Lebens in 5 Minuten"},"content":{"rendered":"<div class=\"video-wrapped\" style=\"width: 580px; height: 326px; background-image: url('https:\/\/www.epischel.de\/wordpress\/wp-content\/plugins\/video-embed-privacy\/preview\/vVsXO9brK7M.jpg')\" data-embed-frame=\"&lt;iframe title=&quot;How to know your life purpose in 5 minutes | Adam Leipzig | TEDxMalibu&quot; width=&quot;580&quot; height=&quot;326&quot; src=&quot;https:\/\/www.youtube.com\/embed\/vVsXO9brK7M?feature=oembed&quot; frameborder=&quot;0&quot; allow=&quot;accelerometer; autoplay; clipboard-write; encrypted-media; gyroscope; picture-in-picture; web-share&quot; referrerpolicy=&quot;strict-origin-when-cross-origin&quot; allowfullscreen&gt;&lt;\/iframe&gt;\" data-embed-play=\"Abspielen&lt;div class=&quot;small&quot;&gt;Das Video wird von Youtube eingebettet abespielt. Es gilt die &lt;a href=&quot;https:\/\/www.google.com\/intl\/de\/policies\/privacy\/&quot; target=&quot;_blank&quot;&gt;Datenschutzerkl\u00e4rung von Google&lt;\/a&gt;&lt;\/div&gt;\">\n<div class=\"video-wrapped-nojs\">Aktivieren Sie JavaScript um das Video zu sehen.<br \/><a href=\"https:\/\/www.youtube.com\/watch?v=vVsXO9brK7M\">https:\/\/www.youtube.com\/watch?v=vVsXO9brK7M<\/a><\/div>\n<\/div>\n<h2>Hier mal eine Zusammenfassung auf Deutsch.<\/h2>\n<p>Adam Leipzig, US-amerikanischer Film- und Theaterproduzent, hat auf seinem 25-Jahre-Yale-Absolvententreffen beobachtet, dass 80% seiner Ex-Kommolitonen nicht gl\u00fccklich sind: &#8222;I don&#8217;t know what my life is all about &#8211; ich wei\u00df nicht, welchen Sinn das Leben hat, worum ist es in meinem Leben geht&#8220;, sagten sie. Dabei seien es kluge, f\u00e4hige Leute, die in machtvollen Jobs arbeiten.<\/p>\n<p>Die restlichen, gl\u00fccklichen Leute auf dem Treffen hatten alle etwas gemeinsam &#8211; die Antworten auf folgende Fragen, die Mr. Leipzig dann dem Publik stellt:<\/p>\n<ol>\n<li>Wer bin ich? (einfach: Namen nennen)<\/li>\n<li>Was mache ich am liebsten und kann es auch besonders gut? Das muss ja nicht unbedingt das sein, was ich in meinem Tagesjob mache.<\/li>\n<li>F\u00fcr wen mache ich das?<\/li>\n<li>Was wollen oder brauchen diese Leute?<\/li>\n<li>Wie ver\u00e4ndern sie sich durch mein Tun, was haben sie von meinem Tun?<\/li>\n<\/ol>\n<p>Warum sind diese Fragen so m\u00e4chtig? Weil nur die ersten zwei davon mit uns selbst zu tun haben. Die anderen drei Fragen mit anderen Menschen. Wenn wir andere Menschen gl\u00fccklich machen, dann k\u00fcmmert sich jemand auch um uns.<\/p>\n<p>Als Beispiel gibt er im Video an &#8222;Ich schreibe Kinderb\u00fccher, damit sie sch\u00f6ne Tr\u00e4ume habe&#8220;.<\/p>\n<h2>Kommentar<\/h2>\n<p>Ein interessanter Talk. Als soziale Wesen macht es uns gl\u00fccklich, andere Menschen gl\u00fccklich zu machen. Gl\u00fcck vermehrt sich, wenn man es teilt, hei\u00dft es.<\/p>\n<p>Wie nahe muss man diesen Menschen sein, an die man bei Frage drei denkt? Die \u00c4rztin, die Krankenschwester haben direkten Kontakt zu ihrem Patienten; der Kinderbuchautor zu seinen Leser weniger, der Handy-App-Entwickler ebenso wenig.<\/p>\n<p>Klappt &#8222;das&#8220; auch f\u00fcr introvertierte Menschen? Was h\u00e4tte Albert Einstein zu Frage 3 bis 5 gesagt? Was ist mit Sportlern? F\u00fcr wen gewinnen sie Medaillen? Oder kann das Gewinnen von Medaillen nicht der Sinn des Lebens sein?<\/p>\n<p>Eine &#8222;nach innen gerichtete&#8220; Besch\u00e4ftigung kann sicherlich eine Zeit lang erf\u00fcllend sein, aber danach? Ich kann jahrelang seltene M\u00fcnzen sammeln, aber wenn ich den Prozess oder das Ergebnis mit niemanden teile, welchen Sinn hat es dann?<\/p>\n<p>Vielleicht gibt es auch nicht nur einen &#8222;Sinn des Lebens&#8220;, sondern mehrere. Vielleicht gibt es auch jeweils einen &#8222;Sinn des Lebensabschnittes&#8220;.<\/p>\n<div class=\"syndication-links\"><\/div>","protected":false},"excerpt":{"rendered":"<p>https:\/\/www.youtube.com\/watch?v=vVsXO9brK7M Hier mal eine Zusammenfassung auf Deutsch. Adam Leipzig, US-amerikanischer Film- und Theaterproduzent, hat auf seinem 25-Jahre-Yale-Absolvententreffen beobachtet, dass 80% seiner Ex-Kommolitonen nicht gl\u00fccklich sind: &#8222;I don&#8217;t know what my life is all about &#8211; ich wei\u00df nicht, welchen Sinn das Leben hat, worum ist es in meinem Leben geht&#8220;, sagten sie. Dabei seien es&hellip;<\/p>\n","protected":false},"author":2,"featured_media":0,"comment_status":"open","ping_status":"open","sticky":false,"template":"","format":"standard","meta":{"mf2_syndication":[],"webmentions_disabled_pings":false,"webmentions_disabled":false,"footnotes":""},"categories":[8],"tags":[],"series":[],"class_list":["post-705","post","type-post","status-publish","format-standard","hentry","category-selbst-management","kind-"],"kind":false,"_links":{"self":[{"href":"https:\/\/www.epischel.de\/wordpress\/wp-json\/wp\/v2\/posts\/705","targetHints":{"allow":["GET"]}}],"collection":[{"href":"https:\/\/www.epischel.de\/wordpress\/wp-json\/wp\/v2\/posts"}],"about":[{"href":"https:\/\/www.epischel.de\/wordpress\/wp-json\/wp\/v2\/types\/post"}],"author":[{"embeddable":true,"href":"https:\/\/www.epischel.de\/wordpress\/wp-json\/wp\/v2\/users\/2"}],"replies":[{"embeddable":true,"href":"https:\/\/www.epischel.de\/wordpress\/wp-json\/wp\/v2\/comments?post=705"}],"version-history":[{"count":3,"href":"https:\/\/www.epischel.de\/wordpress\/wp-json\/wp\/v2\/posts\/705\/revisions"}],"predecessor-version":[{"id":714,"href":"https:\/\/www.epischel.de\/wordpress\/wp-json\/wp\/v2\/posts\/705\/revisions\/714"}],"wp:attachment":[{"href":"https:\/\/www.epischel.de\/wordpress\/wp-json\/wp\/v2\/media?parent=705"}],"wp:term":[{"taxonomy":"category","embeddable":true,"href":"https:\/\/www.epischel.de\/wordpress\/wp-json\/wp\/v2\/categories?post=705"},{"taxonomy":"post_tag","embeddable":true,"href":"https:\/\/www.epischel.de\/wordpress\/wp-json\/wp\/v2\/tags?post=705"},{"taxonomy":"series","embeddable":true,"href":"https:\/\/www.epischel.de\/wordpress\/wp-json\/wp\/v2\/series?post=705"}],"curies":[{"name":"wp","href":"https:\/\/api.w.org\/{rel}","templated":true}]}}