{"id":722,"date":"2015-07-27T21:57:01","date_gmt":"2015-07-27T19:57:01","guid":{"rendered":"http:\/\/www.epischel.de\/wordpress\/?p=722"},"modified":"2015-07-27T21:57:01","modified_gmt":"2015-07-27T19:57:01","slug":"kinder-und-nacktheit","status":"publish","type":"post","link":"https:\/\/www.epischel.de\/wordpress\/2015\/07\/kinder-und-nacktheit\/","title":{"rendered":"Kinder und Nacktheit"},"content":{"rendered":"<blockquote><p>Eltern und Erzieher fragen sich, ob sie Kinder noch nackt spielen lassen d\u00fcrfen. Was ist passiert?<\/p><\/blockquote>\n<p>Quelle: <em><a href=\"http:\/\/www.zeit.de\/zeit-magazin\/2015\/30\/nacktheit-kinder-spielen-kindesmissbrauch\">Nacktheit: Das Paradies wird abgeschafft | ZEITmagazin<\/a><\/em><\/p>\n<p>Kann ich mein Kind noch nackt unter den Gartensprenger lassen, oder lieber nicht &#8211; aus Angst, es k\u00f6nnte ein p\u00e4dophiler Spanner zu sehen?<\/p>\n<p>Inzwischen stehen m\u00e4nnliche Kindergartenerzieher lt. Artikel sogar unter Generalverdacht, p\u00e4dophil zu sein:<\/p>\n<blockquote><p>In vielen Kinderg\u00e4rten gilt die eigenartige Regel, dass M\u00e4nner keine Windeln wechseln d\u00fcrfen \u2013 man stellt sie zwar ein, weil jeder wei\u00df, wie wichtig es ist, dass Kinder auch von M\u00e4nnern erzogen werden, misstraut ihnen aber.<\/p><\/blockquote>\n<p>Das ist dann wohl die ber\u00fchmte Schere im Kopf.<\/p>\n<div class=\"syndication-links\"><\/div>","protected":false},"excerpt":{"rendered":"<p>Eltern und Erzieher fragen sich, ob sie Kinder noch nackt spielen lassen d\u00fcrfen. Was ist passiert? Quelle: Nacktheit: Das Paradies wird abgeschafft | ZEITmagazin Kann ich mein Kind noch nackt unter den Gartensprenger lassen, oder lieber nicht &#8211; aus Angst, es k\u00f6nnte ein p\u00e4dophiler Spanner zu sehen? Inzwischen stehen m\u00e4nnliche Kindergartenerzieher lt. Artikel sogar unter&hellip;<\/p>\n","protected":false},"author":2,"featured_media":0,"comment_status":"closed","ping_status":"closed","sticky":false,"template":"","format":"aside","meta":{"mf2_syndication":[],"webmentions_disabled_pings":false,"webmentions_disabled":false,"footnotes":""},"categories":[6,7],"tags":[18,27],"series":[],"class_list":["post-722","post","type-post","status-publish","format-aside","hentry","category-familie","category-web","tag-kinder","tag-kita","post_format-post-format-aside","kind-"],"kind":false,"_links":{"self":[{"href":"https:\/\/www.epischel.de\/wordpress\/wp-json\/wp\/v2\/posts\/722","targetHints":{"allow":["GET"]}}],"collection":[{"href":"https:\/\/www.epischel.de\/wordpress\/wp-json\/wp\/v2\/posts"}],"about":[{"href":"https:\/\/www.epischel.de\/wordpress\/wp-json\/wp\/v2\/types\/post"}],"author":[{"embeddable":true,"href":"https:\/\/www.epischel.de\/wordpress\/wp-json\/wp\/v2\/users\/2"}],"replies":[{"embeddable":true,"href":"https:\/\/www.epischel.de\/wordpress\/wp-json\/wp\/v2\/comments?post=722"}],"version-history":[{"count":2,"href":"https:\/\/www.epischel.de\/wordpress\/wp-json\/wp\/v2\/posts\/722\/revisions"}],"predecessor-version":[{"id":724,"href":"https:\/\/www.epischel.de\/wordpress\/wp-json\/wp\/v2\/posts\/722\/revisions\/724"}],"wp:attachment":[{"href":"https:\/\/www.epischel.de\/wordpress\/wp-json\/wp\/v2\/media?parent=722"}],"wp:term":[{"taxonomy":"category","embeddable":true,"href":"https:\/\/www.epischel.de\/wordpress\/wp-json\/wp\/v2\/categories?post=722"},{"taxonomy":"post_tag","embeddable":true,"href":"https:\/\/www.epischel.de\/wordpress\/wp-json\/wp\/v2\/tags?post=722"},{"taxonomy":"series","embeddable":true,"href":"https:\/\/www.epischel.de\/wordpress\/wp-json\/wp\/v2\/series?post=722"}],"curies":[{"name":"wp","href":"https:\/\/api.w.org\/{rel}","templated":true}]}}