{"id":766,"date":"2015-10-05T22:28:35","date_gmt":"2015-10-05T20:28:35","guid":{"rendered":"http:\/\/www.epischel.de\/wordpress\/?p=766"},"modified":"2016-06-06T20:48:22","modified_gmt":"2016-06-06T18:48:22","slug":"warum-sind-wir-die-einzige-noch-lebende-menschliche-spezies","status":"publish","type":"post","link":"https:\/\/www.epischel.de\/wordpress\/2015\/10\/warum-sind-wir-die-einzige-noch-lebende-menschliche-spezies\/","title":{"rendered":"Warum sind wir die einzige noch lebende menschliche Spezies?"},"content":{"rendered":"<p>Diese Frage stellt ein <a href=\"http:\/\/www.bbc.com\/earth\/story\/20150929-why-are-we-the-only-human-species-still-alive\">BBC-Artikel<\/a>. Warum \u00fcberlebte von den vielen <a href=\"https:\/\/de.wikipedia.org\/wiki\/Hominini\">Hominini<\/a>-Gattungen ausgerechnet der Homo sapiens \u00fcberlebt? Warum nicht z.B. Homo erectus oder der Neanderthaler?<\/p>\n<p><figure style=\"width: 512px\" class=\"wp-caption alignnone\"><a title=\"By Dimitrios Pascal Wei\u00df (de:Wikipedia) [GFDL (http:\/\/www.gnu.org\/copyleft\/fdl.html) or CC BY-SA 4.0-3.0-2.5-2.0-1.0 (http:\/\/creativecommons.org\/licenses\/by-sa\/4.0-3.0-2.5-2.0-1.0)], via Wikimedia Commons\" href=\"https:\/\/commons.wikimedia.org\/wiki\/File%3A800px-Stammbaum_grafisch.jpg\"><img loading=\"lazy\" decoding=\"async\" src=\"https:\/\/upload.wikimedia.org\/wikipedia\/commons\/0\/04\/800px-Stammbaum_grafisch.jpg\" alt=\"800px-Stammbaum grafisch\" width=\"512\" height=\"600\" \/><\/a><figcaption class=\"wp-caption-text\">Dimitrios Pascal Wei\u00df, <a href=\"https:\/\/commons.wikimedia.org\/wiki\/File:800px-Stammbaum_grafisch.jpg\">800px-Stammbaum grafisch<\/a>, <a href=\"https:\/\/creativecommons.org\/licenses\/by-sa\/4.0\/legalcode\">CC BY-SA 4.0<\/a><\/figcaption><\/figure>Vor 30.000 Jahren gab es neben dem modernen Menschen drei andere menschliche Arten: den Neanderthaler, dem <a href=\"https:\/\/de.wikipedia.org\/wiki\/Denisova-Mensch\">Denisova-Mensch<\/a> und dem kleinw\u00fcchsigen <a href=\"https:\/\/de.wikipedia.org\/wiki\/Homo_floresiensis\">Flora-Mensch<\/a>. Letztere lebten auf einer kleinen Insel vor Indonesien und starben vor ca. 18.000 Jahren m\u00f6glicherweise bei einem Vulkanausbruch aus. \u00dcber die Denisova-Menschen ist so gut wie nichts\u00a0 bekannt.<\/p>\n<p>\u00dcber die Neanderthaler jedoch wissen wir, dass sie \u00fcber 200.000 Jahre in Europa lebten, als der moderne Mensch dort vor 40.000 Jahren ankam. Trotzdem starben sie kurz danach aus. Warum?<\/p>\n<p>Eine Klima-\u00c4nderung k\u00f6nnte eine Rolle gespielt haben. Die Neanderthaler waren an waldreiches Gel\u00e4nde angepasst, der moderne Mensch eher an die Steppe. Das Klima \u00e4nderte sich von Wald zu Steppe. Auch waren die Werkzeuge der modernen Mensch flexibler als die der Neanderthaler.<\/p>\n<p>Ein weiterer Unterschied war die Verwendung von Kunst. Es gibt zahlreiche Zeugnisse von Kunst moderner Menschen, als beide Arten gleichzeitig lebten, z.B. den <a href=\"https:\/\/de.wikipedia.org\/wiki\/L%C3%B6wenmensch\">L\u00f6wenmensch<\/a>, aber wenige von Neanderthalern. Die Verwendung von Symbolen und wahrscheinlich von Sprache, Geschichten und Mythen erm\u00f6glichten ein komplexeres soziales Zusammenleben, was zu eine h\u00f6here Populationsdichte gegen\u00fcber den Neanderthalern\u00a0 f\u00fchrte.<\/p>\n<p>Die sogenannte &#8222;<a href=\"https:\/\/louisecharente.wordpress.com\/2013\/08\/21\/the-cognitive-revolution\/\">kognitive Revolution<\/a>&#8222;, m\u00f6glicherweise verursacht durch eine genetische Ver\u00e4nderung, hat zu einer beschleunigten Entwicklung des modernen Menschen seit ca. 70.000 Jahren vor heute gef\u00fchrt.<\/p>\n<div class=\"syndication-links\"><span class=\"syn-text\">Also on \/ Auch auf:<\/span><ul class=\"relsyn\"><li><a aria-label=\"x\" class=\"u-syndication syn-link\" href=\"https:\/\/twitter.com\/erikpischel\/status\/651135370583629824\"> <span class=\"syndication-link-icon svg-x\" style=\"display: inline-block; max-width: 1rem; margin: 2px;\" aria-hidden=\"true\" aria-label=\"X\" title=\"X\" ><svg role=\"img\" viewBox=\"0 0 24 24\" xmlns=\"http:\/\/www.w3.org\/2000\/svg\"><title>X<\/title><path d=\"M18.901 1.153h3.68l-8.04 9.19L24 22.846h-7.406l-5.8-7.584-6.638 7.584H.474l8.6-9.83L0 1.154h7.594l5.243 6.932ZM17.61 20.644h2.039L6.486 3.24H4.298Z\"\/><\/svg><\/span>X<\/a><\/li><li><a aria-label=\"googleplus\" class=\"u-syndication syn-link\" href=\"https:\/\/plus.google.com\/+ErikPischel\/posts\/QgQCmVGgAoL\"> googleplusgoogleplus<\/a><\/li><\/ul><\/div>","protected":false},"excerpt":{"rendered":"<p>Diese Frage stellt ein BBC-Artikel. Warum \u00fcberlebte von den vielen Hominini-Gattungen ausgerechnet der Homo sapiens \u00fcberlebt? Warum nicht z.B. Homo erectus oder der Neanderthaler? [caption id=\"\" align=\"alignnone\" width=\"512\"] Dimitrios Pascal Wei\u00df, 800px-Stammbaum grafisch, CC BY-SA 4.0[\/caption]Vor 30.000 Jahren gab es neben dem modernen Menschen drei andere menschliche Arten: den Neanderthaler, dem Denisova-Mensch und dem kleinw\u00fcchsigen&hellip;<\/p>\n","protected":false},"author":2,"featured_media":0,"comment_status":"open","ping_status":"open","sticky":false,"template":"","format":"standard","meta":{"mf2_syndication":["https:\/\/twitter.com\/erikpischel\/status\/651135370583629824","https:\/\/plus.google.com\/+ErikPischel\/posts\/QgQCmVGgAoL"],"webmentions_disabled_pings":false,"webmentions_disabled":false,"footnotes":""},"categories":[4],"tags":[130,129,35],"series":[],"class_list":["post-766","post","type-post","status-publish","format-standard","hentry","category-medien","tag-biologie","tag-evolution","tag-geschichte","kind-note"],"kind":false,"_links":{"self":[{"href":"https:\/\/www.epischel.de\/wordpress\/wp-json\/wp\/v2\/posts\/766","targetHints":{"allow":["GET"]}}],"collection":[{"href":"https:\/\/www.epischel.de\/wordpress\/wp-json\/wp\/v2\/posts"}],"about":[{"href":"https:\/\/www.epischel.de\/wordpress\/wp-json\/wp\/v2\/types\/post"}],"author":[{"embeddable":true,"href":"https:\/\/www.epischel.de\/wordpress\/wp-json\/wp\/v2\/users\/2"}],"replies":[{"embeddable":true,"href":"https:\/\/www.epischel.de\/wordpress\/wp-json\/wp\/v2\/comments?post=766"}],"version-history":[{"count":7,"href":"https:\/\/www.epischel.de\/wordpress\/wp-json\/wp\/v2\/posts\/766\/revisions"}],"predecessor-version":[{"id":830,"href":"https:\/\/www.epischel.de\/wordpress\/wp-json\/wp\/v2\/posts\/766\/revisions\/830"}],"wp:attachment":[{"href":"https:\/\/www.epischel.de\/wordpress\/wp-json\/wp\/v2\/media?parent=766"}],"wp:term":[{"taxonomy":"category","embeddable":true,"href":"https:\/\/www.epischel.de\/wordpress\/wp-json\/wp\/v2\/categories?post=766"},{"taxonomy":"post_tag","embeddable":true,"href":"https:\/\/www.epischel.de\/wordpress\/wp-json\/wp\/v2\/tags?post=766"},{"taxonomy":"series","embeddable":true,"href":"https:\/\/www.epischel.de\/wordpress\/wp-json\/wp\/v2\/series?post=766"}],"curies":[{"name":"wp","href":"https:\/\/api.w.org\/{rel}","templated":true}]}}