{"id":785,"date":"2015-12-19T23:09:54","date_gmt":"2015-12-19T22:09:54","guid":{"rendered":"http:\/\/www.epischel.de\/wordpress\/?p=785"},"modified":"2015-12-22T20:28:54","modified_gmt":"2015-12-22T19:28:54","slug":"agile-results-10-werkzeuge-fuer-die-persoenliche-produktivitaet","status":"publish","type":"post","link":"https:\/\/www.epischel.de\/wordpress\/2015\/12\/agile-results-10-werkzeuge-fuer-die-persoenliche-produktivitaet\/","title":{"rendered":"&#8222;Agile Results&#8220;: 10 Werkzeuge f\u00fcr die pers\u00f6nliche Produktivit\u00e4t"},"content":{"rendered":"<p>J.D. Meier stellt <a href=\"http:\/\/blogs.msdn.com\/b\/jmeier\/archive\/2015\/11\/26\/10-personal-productivity-tools-from-agile-results.aspx\">10 Werkzeuge<\/a> aus seinem Produktivit\u00e4tsframework &#8222;<a href=\"http:\/\/blogs.msdn.com\/b\/jmeier\/archive\/2014\/08\/08\/are-you-doing-agile-results.aspx\">Agile Results<\/a>&#8220; vor:<\/p>\n<p>Ich versuche gerade, mir Punkt 2 zur Gewohnheit zu machen: &#8222;Monday Vision, daily wins, Friday reflections&#8220;, d.h.<\/p>\n<ol>\n<li>Am Montag drei Dinge zu identifizieren, auf die man am Ende der Woche stolz w\u00e4re<\/li>\n<li>Am Beginn eines jeden Tages drei Dinge aufschreiben, die man an diesem Tag umsetzen m\u00f6chte<\/li>\n<li>freitags \u00fcber die abgelaufene Wochen reflektieren und sich fragen &#8222;Was ist gut gelaufen? Was k\u00f6nnte besser werden?&#8220;<\/li>\n<\/ol>\n<div class=\"syndication-links\"><span class=\"syn-text\">Also on \/ Auch auf:<\/span><ul class=\"relsyn\"><li><a aria-label=\"googleplus\" class=\"u-syndication syn-link\" href=\"https:\/\/plus.google.com\/+ErikPischel\/posts\/SPCtJ2kxuBv\"> googleplusgoogleplus<\/a><\/li><\/ul><\/div>","protected":false},"excerpt":{"rendered":"<p>J.D. Meier stellt 10 Werkzeuge aus seinem Produktivit\u00e4tsframework &#8222;Agile Results&#8220; vor: Ich versuche gerade, mir Punkt 2 zur Gewohnheit zu machen: &#8222;Monday Vision, daily wins, Friday reflections&#8220;, d.h. Am Montag drei Dinge zu identifizieren, auf die man am Ende der Woche stolz w\u00e4re Am Beginn eines jeden Tages drei Dinge aufschreiben, die man an diesem&hellip;<\/p>\n","protected":false},"author":2,"featured_media":0,"comment_status":"open","ping_status":"open","sticky":false,"template":"","format":"link","meta":{"mf2_syndication":["https:\/\/plus.google.com\/+ErikPischel\/posts\/SPCtJ2kxuBv"],"webmentions_disabled_pings":false,"webmentions_disabled":false,"footnotes":""},"categories":[8],"tags":[11,132],"series":[],"class_list":["post-785","post","type-post","status-publish","format-link","hentry","category-selbst-management","tag-gtd","tag-produktivitaet","post_format-post-format-link","kind-"],"kind":false,"_links":{"self":[{"href":"https:\/\/www.epischel.de\/wordpress\/wp-json\/wp\/v2\/posts\/785","targetHints":{"allow":["GET"]}}],"collection":[{"href":"https:\/\/www.epischel.de\/wordpress\/wp-json\/wp\/v2\/posts"}],"about":[{"href":"https:\/\/www.epischel.de\/wordpress\/wp-json\/wp\/v2\/types\/post"}],"author":[{"embeddable":true,"href":"https:\/\/www.epischel.de\/wordpress\/wp-json\/wp\/v2\/users\/2"}],"replies":[{"embeddable":true,"href":"https:\/\/www.epischel.de\/wordpress\/wp-json\/wp\/v2\/comments?post=785"}],"version-history":[{"count":1,"href":"https:\/\/www.epischel.de\/wordpress\/wp-json\/wp\/v2\/posts\/785\/revisions"}],"predecessor-version":[{"id":786,"href":"https:\/\/www.epischel.de\/wordpress\/wp-json\/wp\/v2\/posts\/785\/revisions\/786"}],"wp:attachment":[{"href":"https:\/\/www.epischel.de\/wordpress\/wp-json\/wp\/v2\/media?parent=785"}],"wp:term":[{"taxonomy":"category","embeddable":true,"href":"https:\/\/www.epischel.de\/wordpress\/wp-json\/wp\/v2\/categories?post=785"},{"taxonomy":"post_tag","embeddable":true,"href":"https:\/\/www.epischel.de\/wordpress\/wp-json\/wp\/v2\/tags?post=785"},{"taxonomy":"series","embeddable":true,"href":"https:\/\/www.epischel.de\/wordpress\/wp-json\/wp\/v2\/series?post=785"}],"curies":[{"name":"wp","href":"https:\/\/api.w.org\/{rel}","templated":true}]}}