{"id":823,"date":"2016-06-05T22:20:35","date_gmt":"2016-06-05T20:20:35","guid":{"rendered":"http:\/\/www.epischel.de\/wordpress\/?p=823"},"modified":"2018-06-28T21:39:41","modified_gmt":"2018-06-28T19:39:41","slug":"sprachunterschiede-ostwest","status":"publish","type":"post","link":"https:\/\/www.epischel.de\/wordpress\/2016\/06\/sprachunterschiede-ostwest\/","title":{"rendered":"Sprachunterschiede Ost\/West"},"content":{"rendered":"<p>Im Gespr\u00e4ch zwischen Berlinern und Hessischen Kollegen kamen sie nat\u00fcrlich wieder zur Sprache, die &#8222;Sprachunterschiede Ost\/West&#8220;. Ich habe mich hier mal der zwei Wichtigsten angenommen.<\/p>\n<h2>Uhrzeit: Dreiviertel Sechs \/ Viertel vor Sechs<\/h2>\n<p>Der Klassiker. Auch als &#8222;Viertel Sechs \/ Viertel nach F\u00fcnf&#8220; bekannt. Interessanterweise hei\u00dft es nicht nur in Ost- sondern auch in S\u00fcddeutschland &#8222;Dreiviertel Sechs&#8220;. Wikipedia spricht (derzeit) von einer Linie zwischen L\u00fcbeck und Saarbr\u00fccken, die die Verwendung der beiden Formen voneinander trennt. Der &#8222;<a href=\"http:\/\/www.atlas-alltagssprache.de\/\">Atlas der deutschen Sprache<\/a>&#8220; zeigt <a href=\"http:\/\/www.atlas-alltagssprache.de\/runde-7\/f11e\/\">empirische Daten<\/a>, w\u00e4hrend die <a href=\"https:\/\/web.archive.org\/web\/20170202010350\/http:\/\/images.zeit.de\/wissen\/2012-05\/d-karte-uhrzeiten\/d-karte-thickbox.jpg\">entsprechende Grafik<\/a> (<a href=\"http:\/\/www.zeit.de\/2012\/21\/Deutschlandkarte-Uhrzeit\">inkl. Artikel<\/a>) aus der Serie &#8222;<a href=\"http:\/\/www.zeit.de\/serie\/deutschlandkarte\">Deutschlandkarte<\/a>&#8220; des ZEITmagazins eine schematische \u00dcbersicht darstellt.<\/p>\n<p>Sowohl der &#8222;Atlas der deutschen Sprache&#8220; als auch die Reihe &#8222;Deutschlandkarte&#8220; sind \u00fcbrigens sehr interessant und empfehlenswert.<\/p>\n<p>Meine Kinder haben \u00fcbrigens (seltsamerweise) die westdeutsche Variante erlernt und verwenden sie von sich aus.<\/p>\n<h2>Sonnabend \/ Samstag<\/h2>\n<p>&#8222;Was soll denn &#8218;Sonnabend&#8216; sein?&#8220;, fragt die hessische Kollegin.<\/p>\n<p>Sonnabend kommt aus dem altenglischen und wurde vermutlich mit der angels\u00e4chsischen Mission in den deutschsprachigen Raum gebracht. Er bezeichnete urspr\u00fcnglich den Vorabend des Sonntags, der Begriff wurde mit der Zeit auf den ganzen Tag ausgeweitet (vgl. &#8222;Heiligabend&#8220;). &#8222;Sonnabend&#8220; sagt man nicht nur in Ostdeutschland, sondern auch in Schleswig-Holstein und in Teilen Westdeutschlands.<\/p>\n<p>In S\u00fcddeutschland sagt man &#8222;Samstag&#8220;. Das Wort kommt aus dem Griechischen, bedeutet &#8222;Tag des Saturn&#8220; und verbreitete sich mit der Missionierung im s\u00fcddeutschen und auch im westdeutschen Raum.<\/p>\n<p>Die Grafiken vom &#8222;<a href=\"http:\/\/www.atlas-alltagssprache.de\/wp-content\/uploads\/2012\/05\/Samstag.jpg\">Atlas der deutschen Sprache<\/a>&#8220; und ZEITmagazins &#8222;<a href=\"https:\/\/web.archive.org\/web\/20161014044602\/http:\/\/images.zeit.de\/lebensart\/2012-07\/d-karte-30\/d-karte-30-thickbox.jpg\">Deutschlandkarte<\/a>&#8220; (Artikel) bilden oben genanntes ab.<\/p>\n<p>Wie der (aktuelle) Wikipedia-Artikel anmerkt &#8222;in j\u00fcngster Zeit ist allerdings eine Tendenz hin zum Samstag feststellbar&#8220;: meine Kinder sagen &#8222;Samstag&#8220;, damit kann ich das aus pers\u00f6nlicher Erfahrung bejahen.<\/p>\n<div class=\"syndication-links\"><span class=\"syn-text\">Also on \/ Auch auf:<\/span><ul class=\"relsyn\"><li><a aria-label=\"x\" class=\"u-syndication syn-link\" href=\"https:\/\/twitter.com\/erikpischel\/status\/739695266274680832\"> <span class=\"syndication-link-icon svg-x\" style=\"display: inline-block; max-width: 1rem; margin: 2px;\" aria-hidden=\"true\" aria-label=\"X\" title=\"X\" ><svg role=\"img\" viewBox=\"0 0 24 24\" xmlns=\"http:\/\/www.w3.org\/2000\/svg\"><title>X<\/title><path d=\"M18.901 1.153h3.68l-8.04 9.19L24 22.846h-7.406l-5.8-7.584-6.638 7.584H.474l8.6-9.83L0 1.154h7.594l5.243 6.932ZM17.61 20.644h2.039L6.486 3.24H4.298Z\"\/><\/svg><\/span>X<\/a><\/li><li><a aria-label=\"facebook\" class=\"u-syndication syn-link\" href=\"https:\/\/www.facebook.com\/erik.pischel\/posts\/1350985494918810\"> <span class=\"syndication-link-icon svg-facebook\" style=\"display: inline-block; max-width: 1rem; margin: 2px;\" aria-hidden=\"true\" aria-label=\"Facebook\" title=\"Facebook\" ><svg role=\"img\" viewBox=\"0 0 24 24\" xmlns=\"http:\/\/www.w3.org\/2000\/svg\"><title>Facebook<\/title><path d=\"M9.101 23.691v-7.98H6.627v-3.667h2.474v-1.58c0-4.085 1.848-5.978 5.858-5.978.401 0 .955.042 1.468.103a8.68 8.68 0 0 1 1.141.195v3.325a8.623 8.623 0 0 0-.653-.036 26.805 26.805 0 0 0-.733-.009c-.707 0-1.259.096-1.675.309a1.686 1.686 0 0 0-.679.622c-.258.42-.374.995-.374 1.752v1.297h3.919l-.386 2.103-.287 1.564h-3.246v8.245C19.396 23.238 24 18.179 24 12.044c0-6.627-5.373-12-12-12s-12 5.373-12 12c0 5.628 3.874 10.35 9.101 11.647Z\"\/><\/svg><\/span>Facebook<\/a><\/li><li><a aria-label=\"googleplus\" class=\"u-syndication syn-link\" href=\"https:\/\/plus.google.com\/+ErikPischel\/posts\/PVTZVGByxk1\"> googleplusgoogleplus<\/a><\/li><\/ul><\/div>","protected":false},"excerpt":{"rendered":"<p>Im Gespr\u00e4ch zwischen Berlinern und Hessischen Kollegen kamen sie nat\u00fcrlich wieder zur Sprache, die &#8222;Sprachunterschiede Ost\/West&#8220;. Ich habe mich hier mal der zwei Wichtigsten angenommen. Uhrzeit: Dreiviertel Sechs \/ Viertel vor Sechs Der Klassiker. Auch als &#8222;Viertel Sechs \/ Viertel nach F\u00fcnf&#8220; bekannt. Interessanterweise hei\u00dft es nicht nur in Ost- sondern auch in S\u00fcddeutschland &#8222;Dreiviertel&hellip;<\/p>\n","protected":false},"author":2,"featured_media":0,"comment_status":"open","ping_status":"open","sticky":false,"template":"","format":"standard","meta":{"mf2_syndication":["https:\/\/twitter.com\/erikpischel\/status\/739695266274680832","https:\/\/www.facebook.com\/erik.pischel\/posts\/1350985494918810","https:\/\/plus.google.com\/+ErikPischel\/posts\/PVTZVGByxk1"],"webmentions_disabled_pings":false,"webmentions_disabled":false,"footnotes":""},"categories":[6],"tags":[161,160],"series":[],"class_list":["post-823","post","type-post","status-publish","format-standard","hentry","category-familie","tag-ost-west","tag-sprache","kind-article"],"kind":false,"_links":{"self":[{"href":"https:\/\/www.epischel.de\/wordpress\/wp-json\/wp\/v2\/posts\/823","targetHints":{"allow":["GET"]}}],"collection":[{"href":"https:\/\/www.epischel.de\/wordpress\/wp-json\/wp\/v2\/posts"}],"about":[{"href":"https:\/\/www.epischel.de\/wordpress\/wp-json\/wp\/v2\/types\/post"}],"author":[{"embeddable":true,"href":"https:\/\/www.epischel.de\/wordpress\/wp-json\/wp\/v2\/users\/2"}],"replies":[{"embeddable":true,"href":"https:\/\/www.epischel.de\/wordpress\/wp-json\/wp\/v2\/comments?post=823"}],"version-history":[{"count":7,"href":"https:\/\/www.epischel.de\/wordpress\/wp-json\/wp\/v2\/posts\/823\/revisions"}],"predecessor-version":[{"id":1346,"href":"https:\/\/www.epischel.de\/wordpress\/wp-json\/wp\/v2\/posts\/823\/revisions\/1346"}],"wp:attachment":[{"href":"https:\/\/www.epischel.de\/wordpress\/wp-json\/wp\/v2\/media?parent=823"}],"wp:term":[{"taxonomy":"category","embeddable":true,"href":"https:\/\/www.epischel.de\/wordpress\/wp-json\/wp\/v2\/categories?post=823"},{"taxonomy":"post_tag","embeddable":true,"href":"https:\/\/www.epischel.de\/wordpress\/wp-json\/wp\/v2\/tags?post=823"},{"taxonomy":"series","embeddable":true,"href":"https:\/\/www.epischel.de\/wordpress\/wp-json\/wp\/v2\/series?post=823"}],"curies":[{"name":"wp","href":"https:\/\/api.w.org\/{rel}","templated":true}]}}