{"id":866,"date":"2016-09-10T09:07:39","date_gmt":"2016-09-10T07:07:39","guid":{"rendered":"http:\/\/www.epischel.de\/wordpress\/?p=866"},"modified":"2016-09-10T22:18:30","modified_gmt":"2016-09-10T20:18:30","slug":"rezension-am-ende-aller-zeiten-von-adrian-j-walker","status":"publish","type":"post","link":"https:\/\/www.epischel.de\/wordpress\/2016\/09\/rezension-am-ende-aller-zeiten-von-adrian-j-walker\/","title":{"rendered":"Rezension: &#8222;Am Ende aller Zeiten&#8220; von Adrian J. Walker"},"content":{"rendered":"<p>Adrian J. Walker: <a href=\"http:\/\/www.fischerverlage.de\/buch\/am_ende_aller_zeiten\/9783596037049\"><em>Am Ende aller Zeiten<\/em><\/a>, erschienen 2016 im Fischer Tor Verlag; ISBN 9783596037049.<\/p>\n<p><strong>Meine Bewertung<\/strong>: 3,5 von 5 Sternen<\/p>\n<p>Edgard Hill erlebt mit seiner Familie in Schottland den Einschlag eines Meteoritenschauers, der die britischen Inseln und noch mehr verw\u00fcstet. Sie k\u00f6nnen sich gerade noch in ihren Keller retten. Sp\u00e4ter werden sie vom Milit\u00e4r gerettet und leben in einer Kaserne. Ed, so gibt er selbst zu, nimmt seine Vater- und Ehemannrolle nur halbherzig war.<\/p>\n<p>Als er mit einigen Kameraden von einem Ausflug zwecks Nahrungsbeschaffung in die Kaserne zur\u00fcck kommt, sind die meisten Kasernenbewohner inkl. seiner Familie verschwunden &#8211; eine unbekannte Organisation hat sie mit Hubschraubern nach Wales geflogen, von wo sie bald mit dem Schiff auf die S\u00fcdhalbkugel evakuiert werden sollen. Will Ed seine Familie wiedersehen, dann muss er sich aufmachen von Schottland nach Wales.<\/p>\n<figure id=\"attachment_865\" aria-describedby=\"caption-attachment-865\" style=\"width: 186px\" class=\"wp-caption aligncenter\"><a href=\"http:\/\/www.epischel.de\/wordpress\/wp-content\/cover-am-ende-aller-zeiten.jpg\"><img loading=\"lazy\" decoding=\"async\" class=\"size-medium wp-image-865\" src=\"http:\/\/www.epischel.de\/wordpress\/wp-content\/cover-am-ende-aller-zeiten-186x300.jpg\" alt=\"Liebevoll gestaltetes Buchcover\" width=\"186\" height=\"300\" srcset=\"https:\/\/www.epischel.de\/wordpress\/wp-content\/cover-am-ende-aller-zeiten-186x300.jpg 186w, https:\/\/www.epischel.de\/wordpress\/wp-content\/cover-am-ende-aller-zeiten.jpg 402w\" sizes=\"auto, (max-width: 186px) 100vw, 186px\" \/><\/a><figcaption id=\"caption-attachment-865\" class=\"wp-caption-text\">Liebevoll gestaltetes Buchcover<\/figcaption><\/figure>\n<p>Der englische Originaltitel verr\u00e4t, worum es in weiten Teilen des Romans geht: &#8222;Der <em>Laufklub<\/em> am Ende der Welt&#8220;. Denn Laufen wird f\u00fcr den unsportlichen Ed und seine Begleiter zur h\u00e4ufigsten Fortbewegungsart. Und so ist es auch ein Buch \u00fcber das Laufen. Ich finde, das sollte man durchaus wissen, bevor man das Buch liest.<\/p>\n<p>Das postapokalyptische Britannien bildet die d\u00fcstere Szenarie f\u00fcr die innere Wandlung des faulen, distanzierten Eds zum L\u00e4ufer, der noch rechtzeitig seine Familie erreichen will. Nicht immer ist die Handlung ganz plausibel, am Schluss wird einiges offen gelassen. Die \u00e4u\u00dfere Handlung ist gut geschrieben &#8211; ich konnte das Buch nicht so einfach aus der Hand legen. Der Autor versucht es mit einigen tieferen Betrachtungen, aber das war etwas neblig f\u00fcr mich. &#8222;<em>Geschichten funktionieren &#8230;, weil sie dir ein Gef\u00fchl vermitteln, wie die Wahrheit sich anf\u00fchlen w\u00fcrde, wenn du sie h\u00f6ren k\u00f6nntest. &#8230; [Sie] lassen eine tiefere Bedeutung anklingen.<\/em>&#8220; hei\u00dft es im Buch. So hat es sich der Autor wohl auch mit dieser vorgestellt. Ich h\u00f6re das &#8222;Klingen&#8220;, aber es ist recht leise.<\/p>\n<p><strong>Hinweis<\/strong>: Das Buch wurde mir Rahmen eine <a href=\"http:\/\/www.lovelybooks.de\/autor\/Adrian-J-Walker\/Am-Ende-aller-Zeiten-1238748059-w\/leserunde\/1249807416\/\">Leserunde<\/a> auf <a href=\"http:\/\/www.lovelybooks.de\">lovelybooks.de<\/a> vom Fischerverlag geschenkt.<\/p>\n<div class=\"syndication-links\"><span class=\"syn-text\">Also on \/ Auch auf:<\/span><ul class=\"relsyn\"><li><a aria-label=\"lovelybooks.de\" class=\"u-syndication syn-link\" href=\"http:\/\/www.lovelybooks.de\/autor\/Adrian-J-Walker\/Am-Ende-aller-Zeiten-1238748059-w\/rezension\/1318884049\/\"> websitelovelybooks.de<\/a><\/li><li><a aria-label=\"x\" class=\"u-syndication syn-link\" href=\"https:\/\/twitter.com\/erikpischel\/status\/774702234005364737\"> <span class=\"syndication-link-icon svg-x\" style=\"display: inline-block; max-width: 1rem; margin: 2px;\" aria-hidden=\"true\" aria-label=\"X\" title=\"X\" ><svg role=\"img\" viewBox=\"0 0 24 24\" xmlns=\"http:\/\/www.w3.org\/2000\/svg\"><title>X<\/title><path d=\"M18.901 1.153h3.68l-8.04 9.19L24 22.846h-7.406l-5.8-7.584-6.638 7.584H.474l8.6-9.83L0 1.154h7.594l5.243 6.932ZM17.61 20.644h2.039L6.486 3.24H4.298Z\"\/><\/svg><\/span>X<\/a><\/li><li><a aria-label=\"facebook\" class=\"u-syndication syn-link\" href=\"https:\/\/www.facebook.com\/erik.pischel\/posts\/1431982580152434\"> <span class=\"syndication-link-icon svg-facebook\" style=\"display: inline-block; max-width: 1rem; margin: 2px;\" aria-hidden=\"true\" aria-label=\"Facebook\" title=\"Facebook\" ><svg role=\"img\" viewBox=\"0 0 24 24\" xmlns=\"http:\/\/www.w3.org\/2000\/svg\"><title>Facebook<\/title><path d=\"M9.101 23.691v-7.98H6.627v-3.667h2.474v-1.58c0-4.085 1.848-5.978 5.858-5.978.401 0 .955.042 1.468.103a8.68 8.68 0 0 1 1.141.195v3.325a8.623 8.623 0 0 0-.653-.036 26.805 26.805 0 0 0-.733-.009c-.707 0-1.259.096-1.675.309a1.686 1.686 0 0 0-.679.622c-.258.42-.374.995-.374 1.752v1.297h3.919l-.386 2.103-.287 1.564h-3.246v8.245C19.396 23.238 24 18.179 24 12.044c0-6.627-5.373-12-12-12s-12 5.373-12 12c0 5.628 3.874 10.35 9.101 11.647Z\"\/><\/svg><\/span>Facebook<\/a><\/li><li><a aria-label=\"googleplus\" class=\"u-syndication syn-link\" href=\"https:\/\/plus.google.com\/+ErikPischel\/posts\/R3m2mx6MJcK\"> googleplusgoogleplus<\/a><\/li><li><a aria-label=\"geraspora.de\" class=\"u-syndication syn-link\" href=\"https:\/\/pod.geraspora.de\/posts\/5213875\"> websitegeraspora.de<\/a><\/li><li><a aria-label=\"goodreads\" class=\"u-syndication syn-link\" href=\"https:\/\/www.goodreads.com\/review\/show\/1736894681\"> <span class=\"syndication-link-icon svg-goodreads\" style=\"display: inline-block; max-width: 1rem; margin: 2px;\" aria-hidden=\"true\" aria-label=\"Goodreads\" title=\"Goodreads\" ><svg role=\"img\" viewBox=\"0 0 24 24\" xmlns=\"http:\/\/www.w3.org\/2000\/svg\"><title>Goodreads<\/title><path d=\"M11.43 23.995c-3.608-.208-6.274-2.077-6.448-5.078.695.007 1.375-.013 2.07-.006.224 1.342 1.065 2.43 2.683 3.026 1.583.496 3.737.46 5.082-.174 1.351-.636 2.145-1.822 2.503-3.577.212-1.042.236-1.734.231-2.92l-.005-1.631h-.059c-1.245 2.564-3.315 3.53-5.59 3.475-5.74-.054-7.68-4.534-7.528-8.606.01-5.241 3.22-8.537 7.557-8.495 2.354-.14 4.605 1.362 5.554 3.37l.059.002.002-2.918 2.099.004-.002 15.717c-.193 7.04-4.376 7.89-8.209 7.811zm6.1-15.633c-.096-3.26-1.601-6.62-5.503-6.645-3.954-.017-5.625 3.592-5.604 6.85-.013 3.439 1.643 6.305 4.703 6.762 4.532.591 6.551-3.411 6.404-6.967z\"\/><\/svg><\/span>Goodreads<\/a><\/li><\/ul><\/div>","protected":false},"excerpt":{"rendered":"<p>Adrian J. Walker: Am Ende aller Zeiten, erschienen 2016 im Fischer Tor Verlag; ISBN 9783596037049. Meine Bewertung: 3,5 von 5 Sternen Edgard Hill erlebt mit seiner Familie in Schottland den Einschlag eines Meteoritenschauers, der die britischen Inseln und noch mehr verw\u00fcstet. Sie k\u00f6nnen sich gerade noch in ihren Keller retten. Sp\u00e4ter werden sie vom Milit\u00e4r&hellip;<\/p>\n","protected":false},"author":2,"featured_media":0,"comment_status":"open","ping_status":"open","sticky":false,"template":"","format":"standard","meta":{"mf2_syndication":["http:\/\/www.lovelybooks.de\/autor\/Adrian-J-Walker\/Am-Ende-aller-Zeiten-1238748059-w\/rezension\/1318884049\/","https:\/\/twitter.com\/erikpischel\/status\/774702234005364737","https:\/\/www.facebook.com\/erik.pischel\/posts\/1431982580152434","https:\/\/plus.google.com\/+ErikPischel\/posts\/R3m2mx6MJcK","https:\/\/pod.geraspora.de\/posts\/5213875","https:\/\/www.goodreads.com\/review\/show\/1736894681"],"webmentions_disabled_pings":false,"webmentions_disabled":false,"footnotes":""},"categories":[36],"tags":[170,95],"series":[],"class_list":["post-866","post","type-post","status-publish","format-standard","hentry","category-buecher","tag-buch","tag-rezension","kind-article"],"kind":false,"_links":{"self":[{"href":"https:\/\/www.epischel.de\/wordpress\/wp-json\/wp\/v2\/posts\/866","targetHints":{"allow":["GET"]}}],"collection":[{"href":"https:\/\/www.epischel.de\/wordpress\/wp-json\/wp\/v2\/posts"}],"about":[{"href":"https:\/\/www.epischel.de\/wordpress\/wp-json\/wp\/v2\/types\/post"}],"author":[{"embeddable":true,"href":"https:\/\/www.epischel.de\/wordpress\/wp-json\/wp\/v2\/users\/2"}],"replies":[{"embeddable":true,"href":"https:\/\/www.epischel.de\/wordpress\/wp-json\/wp\/v2\/comments?post=866"}],"version-history":[{"count":3,"href":"https:\/\/www.epischel.de\/wordpress\/wp-json\/wp\/v2\/posts\/866\/revisions"}],"predecessor-version":[{"id":869,"href":"https:\/\/www.epischel.de\/wordpress\/wp-json\/wp\/v2\/posts\/866\/revisions\/869"}],"wp:attachment":[{"href":"https:\/\/www.epischel.de\/wordpress\/wp-json\/wp\/v2\/media?parent=866"}],"wp:term":[{"taxonomy":"category","embeddable":true,"href":"https:\/\/www.epischel.de\/wordpress\/wp-json\/wp\/v2\/categories?post=866"},{"taxonomy":"post_tag","embeddable":true,"href":"https:\/\/www.epischel.de\/wordpress\/wp-json\/wp\/v2\/tags?post=866"},{"taxonomy":"series","embeddable":true,"href":"https:\/\/www.epischel.de\/wordpress\/wp-json\/wp\/v2\/series?post=866"}],"curies":[{"name":"wp","href":"https:\/\/api.w.org\/{rel}","templated":true}]}}