{"id":957,"date":"2016-10-06T21:31:37","date_gmt":"2016-10-06T19:31:37","guid":{"rendered":"http:\/\/www.epischel.de\/wordpress\/?p=957"},"modified":"2016-10-06T16:35:36","modified_gmt":"2016-10-06T14:35:36","slug":"die-geerbte-forschung-eines-verwandten-organisieren","status":"publish","type":"post","link":"https:\/\/www.epischel.de\/wordpress\/2016\/10\/die-geerbte-forschung-eines-verwandten-organisieren\/","title":{"rendered":"Die geerbte Forschung eines Verwandten organisieren"},"content":{"rendered":"<section class=\"response u-like-of h-cite\">\n<header>\n<span class=\"svg-icon svg-like\" aria-label=\"Like\" title=\"Like\" style=\"display: inline-block; max-height: 1rem; margin-right: 0.5rem\"><span aria-hidden=\"true\"><svg xmlns=\"http:\/\/www.w3.org\/2000\/svg\" viewBox=\"0 0 576 512\"><path d=\"M414.9 24C361.8 24 312 65.7 288 89.3 264 65.7 214.2 24 161.1 24 70.3 24 16 76.9 16 165.5c0 72.6 66.8 133.3 69.2 135.4l187 180.8c8.8 8.5 22.8 8.5 31.6 0l186.7-180.2c2.7-2.7 69.5-63.5 69.5-136C560 76.9 505.7 24 414.9 24z\"\/><\/svg><\/span><\/span><a href=\"http:\/\/blog.myheritage.de\/2016\/07\/die-3-ks-organisiere-die-geerbte-forschung-eines-verwandten\/\" class=\"p-name u-url\">Die 3 K&#039;s: Organisiere die geerbte Forschung eines Verwandten &#8211; MyHeritage.de<\/a> <em>(<span class=\"p-publication\">blog.myheritage.de<\/span>)<\/em><\/header>\n<blockquote class=\"e-summary\"><p>Da eure Familie wei\u00df, dass ihr &#8222;Genealogie betreibt&#8220;, habt ihr die Familienforschung eurer Gro\u00dfmutter, eures Gro\u00dfonkels oder vielleicht eines entfernten Verwandten bekommen &#8211; und jetzt fragt ihr euch, was ihr damit machen sollt?<\/p><\/blockquote>\n<\/section>\n<p>Die drei K&#8217;s sind:<\/p>\n<ol>\n<li>Klassifizieren<\/li>\n<li>Kombinieren<\/li>\n<li>Konservieren<\/li>\n<\/ol>\n<p>f\u00fcr die Details lest selbst&#8230;<\/p>\n<div class=\"syndication-links\"><\/div>","protected":false},"excerpt":{"rendered":"<section class=\"response u-like-of h-cite\">\n<header>\n<span class=\"svg-icon svg-like\" aria-label=\"Like\" title=\"Like\" style=\"display: inline-block; max-height: 1rem; margin-right: 0.5rem\"><span aria-hidden=\"true\"><svg xmlns=\"http:\/\/www.w3.org\/2000\/svg\" viewBox=\"0 0 576 512\"><path d=\"M414.9 24C361.8 24 312 65.7 288 89.3 264 65.7 214.2 24 161.1 24 70.3 24 16 76.9 16 165.5c0 72.6 66.8 133.3 69.2 135.4l187 180.8c8.8 8.5 22.8 8.5 31.6 0l186.7-180.2c2.7-2.7 69.5-63.5 69.5-136C560 76.9 505.7 24 414.9 24z\"\/><\/svg><\/span><\/span><a href=\"http:\/\/blog.myheritage.de\/2016\/07\/die-3-ks-organisiere-die-geerbte-forschung-eines-verwandten\/\" class=\"p-name u-url\">Die 3 K&#039;s: Organisiere die geerbte Forschung eines Verwandten &#8211; MyHeritage.de<\/a> <em>(<span class=\"p-publication\">blog.myheritage.de<\/span>)<\/em><\/header>\n<blockquote class=\"e-summary\"><p>Da eure Familie wei\u00df, dass ihr &#8222;Genealogie betreibt&#8220;, habt ihr die Familienforschung eurer Gro\u00dfmutter, eures Gro\u00dfonkels oder vielleicht eines entfernten Verwandten bekommen &#8211; und jetzt fragt ihr euch, was ihr damit machen sollt?<\/p><\/blockquote>\n<\/section>\n<p>Die drei K&#8217;s sind: Klassifizieren Kombinieren Konservieren f\u00fcr die Details lest selbst&#8230;<\/p>\n","protected":false},"author":2,"featured_media":0,"comment_status":"open","ping_status":"open","sticky":false,"template":"","format":"link","meta":{"mf2_syndication":[],"webmentions_disabled_pings":false,"webmentions_disabled":false,"footnotes":""},"categories":[22],"tags":[125,189],"series":[],"class_list":["post-957","post","type-post","status-publish","format-link","hentry","category-ahnenforschung","tag-ahnenforschung","tag-organisation","post_format-post-format-link","kind-like"],"kind":false,"_links":{"self":[{"href":"https:\/\/www.epischel.de\/wordpress\/wp-json\/wp\/v2\/posts\/957","targetHints":{"allow":["GET"]}}],"collection":[{"href":"https:\/\/www.epischel.de\/wordpress\/wp-json\/wp\/v2\/posts"}],"about":[{"href":"https:\/\/www.epischel.de\/wordpress\/wp-json\/wp\/v2\/types\/post"}],"author":[{"embeddable":true,"href":"https:\/\/www.epischel.de\/wordpress\/wp-json\/wp\/v2\/users\/2"}],"replies":[{"embeddable":true,"href":"https:\/\/www.epischel.de\/wordpress\/wp-json\/wp\/v2\/comments?post=957"}],"version-history":[{"count":2,"href":"https:\/\/www.epischel.de\/wordpress\/wp-json\/wp\/v2\/posts\/957\/revisions"}],"predecessor-version":[{"id":959,"href":"https:\/\/www.epischel.de\/wordpress\/wp-json\/wp\/v2\/posts\/957\/revisions\/959"}],"wp:attachment":[{"href":"https:\/\/www.epischel.de\/wordpress\/wp-json\/wp\/v2\/media?parent=957"}],"wp:term":[{"taxonomy":"category","embeddable":true,"href":"https:\/\/www.epischel.de\/wordpress\/wp-json\/wp\/v2\/categories?post=957"},{"taxonomy":"post_tag","embeddable":true,"href":"https:\/\/www.epischel.de\/wordpress\/wp-json\/wp\/v2\/tags?post=957"},{"taxonomy":"series","embeddable":true,"href":"https:\/\/www.epischel.de\/wordpress\/wp-json\/wp\/v2\/series?post=957"}],"curies":[{"name":"wp","href":"https:\/\/api.w.org\/{rel}","templated":true}]}}