{"id":963,"date":"2016-11-29T12:30:19","date_gmt":"2016-11-29T11:30:19","guid":{"rendered":"http:\/\/www.epischel.de\/wordpress\/?p=963"},"modified":"2016-12-01T16:50:47","modified_gmt":"2016-12-01T15:50:47","slug":"die-familie-meines-vorfahrens-anton-wurdinger-aus-rauschenbach","status":"publish","type":"post","link":"https:\/\/www.epischel.de\/wordpress\/2016\/11\/die-familie-meines-vorfahrens-anton-wurdinger-aus-rauschenbach\/","title":{"rendered":"Die Familie meines Vorfahren Franz Anton Wurdinger aus Rauschenbach"},"content":{"rendered":"<p><a href=\"http:\/\/www.epischel.de\/ahnenforschung\/wt\/individual.php?pid=I775005415&amp;ged=Pischel.ged\">Franz Anton Wurdinger<\/a> war mein direkter Vorfahre (7 Generationen trennen uns). Ich habe seine Kinder in den Kirchenb\u00fcchern &#8222;verfolgt&#8220;.<\/p>\n<p>Anton wohnte in <a href=\"http:\/\/gov.genealogy.net\/item\/show\/RAUACHJO60JA\">Rauschenbach<\/a> in B\u00f6hmen, heute S\u00edtiny in der Tschechischen Republik. Dies ist ein kleines Dorf bei <a href=\"https:\/\/de.wikipedia.org\/wiki\/Mnichov_u_Mari%C3%A1nsk%C3%BDch_L%C3%A1zn%C3%AD\">Einsiedl<\/a> (tschechisch &#8222;Mnichov&#8220;).<\/p>\n<figure id=\"attachment_968\" aria-describedby=\"caption-attachment-968\" style=\"width: 300px\" class=\"wp-caption aligncenter\"><a href=\"http:\/\/www.epischel.de\/wordpress\/wp-content\/rauschenbach.png\"><img loading=\"lazy\" decoding=\"async\" class=\"wp-image-968 size-medium\" src=\"http:\/\/www.epischel.de\/wordpress\/wp-content\/rauschenbach-300x205.png\" alt=\"Rauschenbach (S\u00edtiny) heute\" width=\"300\" height=\"205\" srcset=\"https:\/\/www.epischel.de\/wordpress\/wp-content\/rauschenbach-300x205.png 300w, https:\/\/www.epischel.de\/wordpress\/wp-content\/rauschenbach-439x300.png 439w, https:\/\/www.epischel.de\/wordpress\/wp-content\/rauschenbach.png 654w\" sizes=\"auto, (max-width: 300px) 100vw, 300px\" \/><\/a><figcaption id=\"caption-attachment-968\" class=\"wp-caption-text\">Rauschenbach (S\u00edtiny) heute. \u00a9 OpenStreetMap-Mitwirkende, Kartografie-Lizenz: \u201eNamensnennung \u2013 Weitergabe unter gleichen Bedingungen\u201c 2.0 (CC BY-SA) http:\/\/creativecommons.org\/licenses\/by-sa\/2.0\/<\/figcaption><\/figure>\n<p>Die Taufeintr\u00e4ge von Vater Franz Anton Wurdinger (im Taufeintrag &#8222;Wortinger&#8220;, geboren am <a href=\"http:\/\/www.portafontium.eu\/iipimage\/30065869\/mnichov-03_1020-n?x=13&amp;y=573&amp;w=581&amp;h=212\">11. Oktober 1760<\/a>) und Mutter Anna Katharina Lenz (geboren am <a href=\"http:\/\/www.portafontium.eu\/iipimage\/30065869\/mnichov-03_0930-n?x=-1&amp;y=22&amp;w=534&amp;h=195\">7. Jahnuar 1759<\/a>) habe ich gepr\u00fcft. Die Hochzeit der beiden war der <a href=\"http:\/\/www.portafontium.eu\/iipimage\/30065870\/mnichov-04_1290-o?x=444&amp;y=196&amp;w=528&amp;h=193\">9. Februar 1779<\/a> in Rauschenbach 23. Die Mutter Katharina verstarb am <a href=\"http:\/\/www.portafontium.eu\/iipimage\/30065880\/mnichov-14_1190-z?x=37&amp;y=303&amp;w=540&amp;h=197\">22.4.1820<\/a>.<br \/>\nDer Familienname wurde in den einzelnen Eintr\u00e4gen leicht unterschiedlich geschrieben: <em>Wortinger<\/em>, <em>Wurtinger<\/em>, <em>Wordinger<\/em> und <em>Wurdinger<\/em><\/p>\n<p>Die Lebensdaten folgender Kinder habe ich ermittelt:<\/p>\n<ul>\n<li><a href=\"http:\/\/www.epischel.de\/ahnenforschung\/wt\/individual.php?pid=I775005412&amp;ged=Pischel.ged\">Johann Joseph Wurdinger<\/a> \u00a0\u00a0 <a href=\"http:\/\/www.portafontium.eu\/iipimage\/30065870\/mnichov-04_0810-n?x=424&amp;y=137&amp;w=525&amp;h=192\">21. Okt. 1782<\/a>\u00a0 \u00a0 <a href=\"http:\/\/www.portafontium.eu\/iipimage\/30065894\/mnichov-28_0090-z?x=27&amp;y=135&amp;w=264&amp;h=96\">17. Juli 1854<\/a><\/li>\n<li><a href=\"http:\/\/www.epischel.de\/ahnenforschung\/wt\/individual.php?pid=I775005597&amp;ged=Pischel.ged\">Franziska Wurdinger<\/a>\u00a0\u00a0\u00a0\u00a0\u00a0\u00a0 <a href=\"http:\/\/www.portafontium.eu\/iipimage\/30065871\/mnichov-05_0420-n?x=11&amp;y=178&amp;w=523&amp;h=191\">9. Februar 1785<\/a>\u00a0 <a href=\"http:\/\/www.portafontium.eu\/iipimage\/30065873\/mnichov-07_0140-z?x=387&amp;y=180&amp;w=546&amp;h=200\">20. November 1785<\/a><\/li>\n<li><a href=\"http:\/\/www.epischel.de\/ahnenforschung\/wt\/individual.php?pid=I775005598&amp;ged=Pischel.ged\">Theresia Wurdinger<\/a> \u00a0 \u00a0 \u00a0 \u00a0 \u00a0 \u00a0\u00a0\u00a0 <a href=\"http:\/\/www.portafontium.eu\/iipimage\/30065871\/mnichov-05_0450-n?x=15&amp;y=361&amp;w=523&amp;h=191\">9.Nov. 1786<\/a>\u00a0\u00a0 <a href=\"http:\/\/www.portafontium.eu\/iipimage\/30065873\/mnichov-07_0140-z?x=448&amp;y=213&amp;w=546&amp;h=200\">23. Dezember 1786<\/a><\/li>\n<li><a href=\"http:\/\/www.epischel.de\/ahnenforschung\/wt\/individual.php?pid=I775005599&amp;ged=Pischel.ged\">Maria Anna Wurdinger<\/a>\u00a0\u00a0\u00a0\u00a0\u00a0\u00a0\u00a0\u00a0\u00a0 <a href=\"http:\/\/www.portafontium.eu\/iipimage\/30065871\/mnichov-05_0480-n?x=17&amp;y=172&amp;w=523&amp;h=191\">13. April 1788<\/a>\u00a0 <a href=\"http:\/\/www.portafontium.eu\/iipimage\/30065873\/mnichov-07_0150-z?x=451&amp;y=551&amp;w=546&amp;h=200\">9. Juni 1788<\/a><\/li>\n<li><a href=\"http:\/\/www.epischel.de\/ahnenforschung\/wt\/individual.php?pid=I775005600&amp;ged=Pischel.ged\">Johann Wenzl Wurdinger<\/a> \u00a0\u00a0 \u00a0<a href=\"http:\/\/www.portafontium.eu\/iipimage\/30065871\/mnichov-05_0500-n?x=45&amp;y=366&amp;w=523&amp;h=191\">24. November 1789<\/a><\/li>\n<li><a href=\"http:\/\/www.epischel.de\/ahnenforschung\/wt\/individual.php?pid=I775005602&amp;ged=Pischel.ged\">Franziska Wurdinger<\/a>\u00a0\u00a0 \u00a0<a href=\"http:\/\/www.portafontium.eu\/iipimage\/30065880\/mnichov-14_0040-n?x=-60&amp;y=382&amp;w=1107&amp;h=405\">15. April 1792<\/a> \u00a0\u00a0 \u00a0<a href=\"http:\/\/www.portafontium.eu\/iipimage\/30065880\/mnichov-14_0990-z?x=411&amp;y=222&amp;w=549&amp;h=201\">29. September 1795<\/a><\/li>\n<li><a href=\"http:\/\/www.epischel.de\/ahnenforschung\/wt\/individual.php?pid=I775005603&amp;ged=Pischel.ged\">Johannes Michael Wurdinger<\/a>\u00a0\u00a0\u00a0 \u00a0\u00a0\u00a0 <a href=\"http:\/\/www.portafontium.eu\/iipimage\/30065880\/mnichov-14_0080-n?x=-104&amp;y=284&amp;w=1107&amp;h=405\">17. August 1794<\/a> \u00a0 <a href=\"http:\/\/www.portafontium.eu\/iipimage\/30065880\/mnichov-14_0980-z?x=476&amp;y=477&amp;w=549&amp;h=201\">19. Oktober 1794<\/a><\/li>\n<li><a href=\"http:\/\/www.epischel.de\/ahnenforschung\/wt\/individual.php?pid=I775005604&amp;ged=Pischel.ged\">Katharina Wurdinger<\/a>\u00a0\u00a0 \u00a0<a href=\"http:\/\/www.portafontium.eu\/iipimage\/30065880\/mnichov-14_0130-n?x=-157&amp;y=15&amp;w=1107&amp;h=405\">1. Februar 1796<\/a> \u00a0\u00a0 \u00a0<a href=\"http:\/\/www.portafontium.eu\/iipimage\/30065881\/mnichov-15_1490-z?x=43&amp;y=434&amp;w=529&amp;h=193\">4. Juli 1844<\/a><\/li>\n<li><a href=\"http:\/\/www.epischel.de\/ahnenforschung\/wt\/individual.php?pid=I775005605&amp;ged=Pischel.ged\">Franziska Wurdinger<\/a>\u00a0\u00a0 \u00a0<a href=\"http:\/\/www.portafontium.eu\/iipimage\/30065880\/mnichov-14_0190-n?x=-100&amp;y=30&amp;w=1099&amp;h=402\">27. Juli 1798<\/a>\u00a0 <a href=\"http:\/\/www.portafontium.eu\/iipimage\/30065881\/mnichov-15_1440-z?x=448&amp;y=458&amp;w=529&amp;h=193\">20. Juni 1839<\/a><\/li>\n<li><a href=\"http:\/\/www.epischel.de\/ahnenforschung\/wt\/individual.php?pid=I775005606&amp;ged=Pischel.ged\">Theresia Wurdinger<\/a>\u00a0\u00a0\u00a0\u00a0\u00a0 <a href=\"http:\/\/www.portafontium.eu\/iipimage\/30065880\/mnichov-14_0240-n?x=-156&amp;y=110&amp;w=1099&amp;h=402\">9. April 1801<\/a>\u00a0 <a href=\"http:\/\/www.portafontium.eu\/iipimage\/30065880\/mnichov-14_1050-z?x=254&amp;y=-5&amp;w=1096&amp;h=401\">8. Februar 1804<\/a><\/li>\n<li><a href=\"http:\/\/www.epischel.de\/ahnenforschung\/wt\/individual.php?pid=I775005607&amp;ged=Pischel.ged\">Theresia Wurdinger<\/a>\u00a0\u00a0\u00a0\u00a0\u00a0 <a href=\"http:\/\/www.portafontium.eu\/iipimage\/30065880\/mnichov-14_0340-n?x=-137&amp;y=227&amp;w=1099&amp;h=402\">1. September 1804<\/a>\u00a0\u00a0 <a href=\"http:\/\/www.portafontium.eu\/iipimage\/30065880\/mnichov-14_1070-z?x=186&amp;y=205&amp;w=1080&amp;h=395\">8. April 1807<\/a><\/li>\n<\/ul>\n<p>Von 11 Kindern \u00fcberlebten vermutlich 4 das Kindesalter.<\/p>\n<p>Bei den &#8222;entzifferten&#8220; Todesarten gab es Krankheiten wie Pocken (&#8222;Blattern&#8220;), Typhus (&#8222;Schleimfieber&#8220;) und Lungenentz\u00fcndung. Ein Kind wurde &#8222;erdrucket&#8220;, wahrscheinlich versehentlich nachts im Elternbett. Jemand ist an &#8222;Abzehrung&#8220; gestorben.<\/p>\n<p>Zum Vater Franz Anton Wurdinger konnte ich keinen Sterbe-Eintrag finden. Auch das Todesdatum von Johann Wenzl (* 1789) bleibt unbekannt.<\/p>\n<p><figure id=\"attachment_969\" aria-describedby=\"caption-attachment-969\" style=\"width: 300px\" class=\"wp-caption aligncenter\"><a href=\"http:\/\/www.epischel.de\/wordpress\/wp-content\/S\u00edtiny_Rau\u0161enbach_Svurvody_-_\u010dp3_01.jpg\"><img loading=\"lazy\" decoding=\"async\" class=\"wp-image-969 size-medium\" src=\"http:\/\/www.epischel.de\/wordpress\/wp-content\/S\u00edtiny_Rau\u0161enbach_Svurvody_-_\u010dp3_01-300x199.jpg\" alt=\"Rauschenbach.\" width=\"300\" height=\"199\" srcset=\"https:\/\/www.epischel.de\/wordpress\/wp-content\/S\u00edtiny_Rau\u0161enbach_Svurvody_-_\u010dp3_01-300x199.jpg 300w, https:\/\/www.epischel.de\/wordpress\/wp-content\/S\u00edtiny_Rau\u0161enbach_Svurvody_-_\u010dp3_01-453x300.jpg 453w, https:\/\/www.epischel.de\/wordpress\/wp-content\/S\u00edtiny_Rau\u0161enbach_Svurvody_-_\u010dp3_01.jpg 512w\" sizes=\"auto, (max-width: 300px) 100vw, 300px\" \/><\/a><figcaption id=\"caption-attachment-969\" class=\"wp-caption-text\">Rauschenbach (Wikipedia) By Levap75 (Own work) [CC BY-SA 3.0 (http:\/\/creativecommons.org\/licenses\/by-sa\/3.0)], via Wikimedia Commons<\/figcaption><\/figure>Am 27. September 1808 heiratete Johann Josef Wurdinger (mein direkter Vorfahre) die Thesia Nadler in Rojau.<\/p>\n<p>Am <a href=\"http:\/\/www.portafontium.eu\/iipimage\/30065880\/mnichov-14_0910-o?x=411&amp;y=425&amp;w=351&amp;h=180\">13. Februar 1816<\/a> heiratete Franziska Wurdinger den Franz Joseph Zitterbart, geb. <a href=\"http:\/\/www.portafontium.eu\/iipimage\/30065880\/mnichov-14_0050-n?x=0&amp;y=542&amp;w=553&amp;h=202\">19. Dezember 1792<\/a>.<\/p>\n<p>Am\u00a0<a href=\"http:\/\/www.portafontium.eu\/iipimage\/30065880\/mnichov-14_0960-oz?x=-298&amp;y=202&amp;w=1099&amp;h=402&amp;r=270\">6. Oktober 1818<\/a> heiratete Franziska Wurdinger den Franz Josef Hammer, geb.\u00a0<a href=\"http:\/\/www.portafontium.eu\/iipimage\/30065880\/mnichov-14_0130-n?x=-159&amp;y=415&amp;w=1107&amp;h=405\">6. April 1796<\/a>.<\/p>\n<div class=\"syndication-links\"><\/div>","protected":false},"excerpt":{"rendered":"<p>Franz Anton Wurdinger war mein direkter Vorfahre (7 Generationen trennen uns). Ich habe seine Kinder in den Kirchenb\u00fcchern &#8222;verfolgt&#8220;. Anton wohnte in Rauschenbach in B\u00f6hmen, heute S\u00edtiny in der Tschechischen Republik. Dies ist ein kleines Dorf bei Einsiedl (tschechisch &#8222;Mnichov&#8220;). [caption id=\"attachment_968\" align=\"aligncenter\" width=\"300\"] Rauschenbach (S\u00edtiny) heute. \u00a9 OpenStreetMap-Mitwirkende, Kartografie-Lizenz: \u201eNamensnennung \u2013 Weitergabe unter gleichen&hellip;<\/p>\n","protected":false},"author":2,"featured_media":0,"comment_status":"open","ping_status":"open","sticky":false,"template":"","format":"standard","meta":{"mf2_syndication":[],"webmentions_disabled_pings":false,"webmentions_disabled":false,"footnotes":""},"categories":[22],"tags":[125,191,190],"series":[],"class_list":["post-963","post","type-post","status-publish","format-standard","hentry","category-ahnenforschung","tag-ahnenforschung","tag-rauschenbach","tag-wurdinger","kind-article"],"kind":false,"_links":{"self":[{"href":"https:\/\/www.epischel.de\/wordpress\/wp-json\/wp\/v2\/posts\/963","targetHints":{"allow":["GET"]}}],"collection":[{"href":"https:\/\/www.epischel.de\/wordpress\/wp-json\/wp\/v2\/posts"}],"about":[{"href":"https:\/\/www.epischel.de\/wordpress\/wp-json\/wp\/v2\/types\/post"}],"author":[{"embeddable":true,"href":"https:\/\/www.epischel.de\/wordpress\/wp-json\/wp\/v2\/users\/2"}],"replies":[{"embeddable":true,"href":"https:\/\/www.epischel.de\/wordpress\/wp-json\/wp\/v2\/comments?post=963"}],"version-history":[{"count":8,"href":"https:\/\/www.epischel.de\/wordpress\/wp-json\/wp\/v2\/posts\/963\/revisions"}],"predecessor-version":[{"id":974,"href":"https:\/\/www.epischel.de\/wordpress\/wp-json\/wp\/v2\/posts\/963\/revisions\/974"}],"wp:attachment":[{"href":"https:\/\/www.epischel.de\/wordpress\/wp-json\/wp\/v2\/media?parent=963"}],"wp:term":[{"taxonomy":"category","embeddable":true,"href":"https:\/\/www.epischel.de\/wordpress\/wp-json\/wp\/v2\/categories?post=963"},{"taxonomy":"post_tag","embeddable":true,"href":"https:\/\/www.epischel.de\/wordpress\/wp-json\/wp\/v2\/tags?post=963"},{"taxonomy":"series","embeddable":true,"href":"https:\/\/www.epischel.de\/wordpress\/wp-json\/wp\/v2\/series?post=963"}],"curies":[{"name":"wp","href":"https:\/\/api.w.org\/{rel}","templated":true}]}}